{"id":19176,"date":"2020-09-07T01:40:28","date_gmt":"2020-09-07T00:40:28","guid":{"rendered":"http:\/\/www.associationdemarie.org\/blog\/?p=19176"},"modified":"2020-08-17T07:41:59","modified_gmt":"2020-08-17T06:41:59","slug":"je-sais-que-je-ne-serai-pas-confondu-il-est-proche-celui-qui-me-justifie-qui-va-plaider-contre-moi-is-507-8","status":"publish","type":"post","link":"https:\/\/www.associationdemarie.org\/blog\/je-sais-que-je-ne-serai-pas-confondu-il-est-proche-celui-qui-me-justifie-qui-va-plaider-contre-moi-is-507-8\/","title":{"rendered":"\u00ab Je sais que je ne serai pas confondu. Il est proche, celui qui me justifie. Qui va plaider contre moi ? \u00bb (Is 50,7-8)"},"content":{"rendered":"<p><img loading=\"lazy\" decoding=\"async\" class=\"aligncenter size-full wp-image-19177\" src=\"https:\/\/www.associationdemarie.org\/blog\/wp-content\/uploads\/2020\/08\/figuier-st\u00e9rile-3.jpg\" alt=\"\" width=\"350\" height=\"452\" srcset=\"https:\/\/www.associationdemarie.org\/blog\/wp-content\/uploads\/2020\/08\/figuier-st\u00e9rile-3.jpg 350w, https:\/\/www.associationdemarie.org\/blog\/wp-content\/uploads\/2020\/08\/figuier-st\u00e9rile-3-232x300.jpg 232w\" sizes=\"auto, (max-width: 350px) 100vw, 350px\" \/><\/p>\n<p>Le Christ \u00e9tant Dieu rev\u00eatit notre humanit\u00e9. Il souffrit pour ceux qui souffrent, il fut li\u00e9 pour ceux qui \u00e9taient vaincus, il fut jug\u00e9 pour les condamn\u00e9s, enseveli pour les ensevelis, et il ressuscita d&rsquo;entre les morts. Il vous crie ces paroles : \u00ab Qui plaidera contre moi ? Qu&rsquo;il vienne ! (Is 50,8) C&rsquo;est moi qui ai d\u00e9livr\u00e9 les condamn\u00e9s, c&rsquo;est moi qui ai donn\u00e9 la vie aux morts, c&rsquo;est moi qui rel\u00e8ve les ensevelis. Qui portera une accusation contre moi ? (v. 9) C&rsquo;est moi, dit le Christ, c&rsquo;est moi qui ai aboli la mort, qui ai vaincu l&rsquo;ennemi, qui ai pi\u00e9tin\u00e9 l&rsquo;enfer, qui ai li\u00e9 le fort (Lc 11,22), qui ai ravi l&rsquo;homme au plus haut des cieux, c&rsquo;est moi, dit-il, le Christ.<\/p>\n<p>\u00ab Venez donc, vous tous les peuples d&rsquo;hommes qui \u00e9tiez englu\u00e9s dans le mal, recevez le pardon de vos p\u00e9ch\u00e9s. Car je suis votre pardon, je suis la P\u00e2que du salut, je suis l&rsquo;agneau immol\u00e9 pour vous. Je suis l&rsquo;eau qui vous purifie, je suis votre lumi\u00e8re, je suis votre Sauveur, je suis votre r\u00e9surrection, je suis votre roi. Je vous emporte au plus haut des cieux, je vous montrerai le P\u00e8re \u00e9ternel, je vous ressusciterai de ma main droite \u00bb.<\/p>\n<p>Tel est celui qui fit le ciel et la terre, qui au commencement p\u00e9trit l&rsquo;homme (Gn 2,7), qui par la Loi et les proph\u00e8tes s\u2019annon\u00e7a, qui d&rsquo;une vierge prit chair, qui sur le bois fut crucifi\u00e9, qui en terre fut d\u00e9pos\u00e9, qui d&rsquo;entre les morts ressuscita, qui monta au plus haut des cieux, qui s&rsquo;assit \u00e0 la droite du P\u00e8re et a le pouvoir de tout juger et de tout sauver. Par lui, le P\u00e8re a cr\u00e9\u00e9 tout ce qui existe, depuis les origines jusque dans l&rsquo;\u00e9ternit\u00e9. C&rsquo;est lui qui est l&rsquo;alpha et l&rsquo;om\u00e9ga (Ap 1,8), c&rsquo;est lui qui est le commencement et la fin,(&#8230;) c&rsquo;est lui qui est le Christ (&#8230;). \u00c0 lui la gloire et la puissance dans les si\u00e8cles. Amen<\/p>\n<h3 class=\"GospelCommentaryAuthor-name commentary-author font-2\">M\u00e9liton de Sardes (?-v. 195)<\/h3>\n<p>&nbsp;<\/p>\n<p>&nbsp;<\/p>\n<p>&nbsp;<\/p>\n<p>&nbsp;<\/p>\n","protected":false},"excerpt":{"rendered":"<p>Le Christ \u00e9tant Dieu rev\u00eatit notre humanit\u00e9. Il souffrit pour ceux qui souffrent, il fut li\u00e9 pour ceux qui \u00e9taient vaincus, il fut jug\u00e9 pour les condamn\u00e9s, enseveli pour les ensevelis, et il ressuscita d&rsquo;entre les morts. Il vous crie ces paroles : \u00ab Qui plaidera contre moi ? Qu&rsquo;il vienne ! (Is 50,8) C&rsquo;est [&hellip;]<\/p>\n","protected":false},"author":2,"featured_media":0,"comment_status":"closed","ping_status":"closed","sticky":false,"template":"","format":"standard","meta":{"footnotes":""},"categories":[13,1261],"tags":[536,1455],"class_list":["post-19176","post","type-post","status-publish","format-standard","hentry","category-ecritures","category-enseignement-2","tag-jesus-christ","tag-meliton-de-sardes"],"_links":{"self":[{"href":"https:\/\/www.associationdemarie.org\/blog\/wp-json\/wp\/v2\/posts\/19176","targetHints":{"allow":["GET"]}}],"collection":[{"href":"https:\/\/www.associationdemarie.org\/blog\/wp-json\/wp\/v2\/posts"}],"about":[{"href":"https:\/\/www.associationdemarie.org\/blog\/wp-json\/wp\/v2\/types\/post"}],"author":[{"embeddable":true,"href":"https:\/\/www.associationdemarie.org\/blog\/wp-json\/wp\/v2\/users\/2"}],"replies":[{"embeddable":true,"href":"https:\/\/www.associationdemarie.org\/blog\/wp-json\/wp\/v2\/comments?post=19176"}],"version-history":[{"count":1,"href":"https:\/\/www.associationdemarie.org\/blog\/wp-json\/wp\/v2\/posts\/19176\/revisions"}],"predecessor-version":[{"id":19178,"href":"https:\/\/www.associationdemarie.org\/blog\/wp-json\/wp\/v2\/posts\/19176\/revisions\/19178"}],"wp:attachment":[{"href":"https:\/\/www.associationdemarie.org\/blog\/wp-json\/wp\/v2\/media?parent=19176"}],"wp:term":[{"taxonomy":"category","embeddable":true,"href":"https:\/\/www.associationdemarie.org\/blog\/wp-json\/wp\/v2\/categories?post=19176"},{"taxonomy":"post_tag","embeddable":true,"href":"https:\/\/www.associationdemarie.org\/blog\/wp-json\/wp\/v2\/tags?post=19176"}],"curies":[{"name":"wp","href":"https:\/\/api.w.org\/{rel}","templated":true}]}}