{"id":19146,"date":"2020-08-29T01:56:46","date_gmt":"2020-08-29T00:56:46","guid":{"rendered":"http:\/\/www.associationdemarie.org\/blog\/?p=19146"},"modified":"2020-08-08T06:58:26","modified_gmt":"2020-08-08T05:58:26","slug":"martyre-de-saint-jean-baptiste-m-4","status":"publish","type":"post","link":"https:\/\/www.associationdemarie.org\/blog\/martyre-de-saint-jean-baptiste-m-4\/","title":{"rendered":"Martyre de Saint Jean-Baptiste (m)"},"content":{"rendered":"<p><img loading=\"lazy\" decoding=\"async\" class=\"aligncenter  wp-image-19147\" src=\"https:\/\/www.associationdemarie.org\/blog\/wp-content\/uploads\/2020\/08\/unnamed.jpg\" alt=\"\" width=\"465\" height=\"279\" srcset=\"https:\/\/www.associationdemarie.org\/blog\/wp-content\/uploads\/2020\/08\/unnamed.jpg 512w, https:\/\/www.associationdemarie.org\/blog\/wp-content\/uploads\/2020\/08\/unnamed-300x180.jpg 300w\" sizes=\"auto, (max-width: 465px) 100vw, 465px\" \/><\/p>\n<p>Illustre pr\u00e9curseur de la gr\u00e2ce et messager de la v\u00e9rit\u00e9,<br \/>\nJean Baptiste, le flambeau du Christ,<br \/>\ndevient l&rsquo;\u00e9vang\u00e9liste de la Lumi\u00e8re \u00e9ternelle.<br \/>\nLe t\u00e9moignage proph\u00e9tique qu&rsquo;il n&rsquo;avait cess\u00e9 de rendre,<br \/>\ndans son message, toute sa vie et son activit\u00e9,<br \/>\naujourd&rsquo;hui il le signe de son sang et de son martyre.<\/p>\n<p>Il avait toujours pr\u00e9c\u00e9d\u00e9 son Ma\u00eetre :<br \/>\nEn naissant, il avait annonc\u00e9 sa venue au monde.<br \/>\nEn baptisant les p\u00e9nitents du Jourdain,<br \/>\nil avait pr\u00e9figur\u00e9 celui qui venait instituer son bapt\u00eame.<br \/>\nEt la mort du Christ R\u00e9dempteur, son Sauveur, qui a rendu la vie au monde,<br \/>\nJean Baptiste l&rsquo;a v\u00e9cue aussi par avance,<br \/>\nen versant son sang pour lui par amour.<\/p>\n<p>Un tyran cruel a beau le cacher en prison et dans les fers,<br \/>\nen Christ, les cha\u00eenes ne peuvent pas lier<br \/>\ncelui qu&rsquo;un c\u0153ur libre ouvre au Royaume.<br \/>\nComment l&rsquo;obscurit\u00e9 et les tortures d&rsquo;un sombre cachot<br \/>\npourraient-elles avoir raison de celui qui voit la gloire du Christ,<br \/>\net qui re\u00e7oit de lui les dons de l&rsquo;Esprit ?<br \/>\nC&rsquo;est volontiers qu&rsquo;il offre sa t\u00eate au glaive du bourreau ;<br \/>\ncomment pourrait-il perdre sa t\u00eate,<br \/>\ncelui qui a pour Chef le Christ ?<\/p>\n<p>Il est heureux d&rsquo;achever son r\u00f4le de pr\u00e9curseur aujourd&rsquo;hui<br \/>\npar son d\u00e9part de ce monde.<br \/>\nCe dont il avait \u00e9t\u00e9 le t\u00e9moin de son vivant,<br \/>\nChrist qui vient et qui est l\u00e0,<br \/>\nsa mort le proclame aujourd&rsquo;hui.<br \/>\nLe s\u00e9jour des morts pourrait-il retenir ce messager qui lui \u00e9chappe ?<br \/>\nLes justes, les proph\u00e8tes et les martyrs sont dans la joie,<br \/>\nallant avec lui \u00e0 la rencontre du Sauveur.<br \/>\nTous entourent Jean de leur louange et leur amour.<br \/>\nAvec lui, ils supplient d\u00e9sormais le Christ de venir enfin vers les siens.<\/p>\n<p>Grand pr\u00e9curseur du R\u00e9dempteur, il ne va plus tarder,<br \/>\ncelui qui te lib\u00e8re \u00e0 jamais de la mort.<br \/>\nSous la conduite de ton Seigneur,<br \/>\nentre, avec les saints, dans la gloire<\/p>\n<h3 class=\"GospelCommentaryAuthor-name commentary-author font-2\">Saint B\u00e8de le V\u00e9n\u00e9rable (v. 673-735)<\/h3>\n<p>&nbsp;<\/p>\n<p>&nbsp;<\/p>\n<p>&nbsp;<\/p>\n","protected":false},"excerpt":{"rendered":"<p>Illustre pr\u00e9curseur de la gr\u00e2ce et messager de la v\u00e9rit\u00e9, Jean Baptiste, le flambeau du Christ, devient l&rsquo;\u00e9vang\u00e9liste de la Lumi\u00e8re \u00e9ternelle. Le t\u00e9moignage proph\u00e9tique qu&rsquo;il n&rsquo;avait cess\u00e9 de rendre, dans son message, toute sa vie et son activit\u00e9, aujourd&rsquo;hui il le signe de son sang et de son martyre. Il avait toujours pr\u00e9c\u00e9d\u00e9 son [&hellip;]<\/p>\n","protected":false},"author":2,"featured_media":0,"comment_status":"closed","ping_status":"closed","sticky":false,"template":"","format":"standard","meta":{"footnotes":""},"categories":[3,28],"tags":[647,1015,1042],"class_list":["post-19146","post","type-post","status-publish","format-standard","hentry","category-liturgique","category-saints-et-saintes","tag-martyr","tag-st-bede","tag-st-jean-baptiste"],"_links":{"self":[{"href":"https:\/\/www.associationdemarie.org\/blog\/wp-json\/wp\/v2\/posts\/19146","targetHints":{"allow":["GET"]}}],"collection":[{"href":"https:\/\/www.associationdemarie.org\/blog\/wp-json\/wp\/v2\/posts"}],"about":[{"href":"https:\/\/www.associationdemarie.org\/blog\/wp-json\/wp\/v2\/types\/post"}],"author":[{"embeddable":true,"href":"https:\/\/www.associationdemarie.org\/blog\/wp-json\/wp\/v2\/users\/2"}],"replies":[{"embeddable":true,"href":"https:\/\/www.associationdemarie.org\/blog\/wp-json\/wp\/v2\/comments?post=19146"}],"version-history":[{"count":1,"href":"https:\/\/www.associationdemarie.org\/blog\/wp-json\/wp\/v2\/posts\/19146\/revisions"}],"predecessor-version":[{"id":19148,"href":"https:\/\/www.associationdemarie.org\/blog\/wp-json\/wp\/v2\/posts\/19146\/revisions\/19148"}],"wp:attachment":[{"href":"https:\/\/www.associationdemarie.org\/blog\/wp-json\/wp\/v2\/media?parent=19146"}],"wp:term":[{"taxonomy":"category","embeddable":true,"href":"https:\/\/www.associationdemarie.org\/blog\/wp-json\/wp\/v2\/categories?post=19146"},{"taxonomy":"post_tag","embeddable":true,"href":"https:\/\/www.associationdemarie.org\/blog\/wp-json\/wp\/v2\/tags?post=19146"}],"curies":[{"name":"wp","href":"https:\/\/api.w.org\/{rel}","templated":true}]}}