{"id":19140,"date":"2020-08-27T01:27:14","date_gmt":"2020-08-27T00:27:14","guid":{"rendered":"http:\/\/www.associationdemarie.org\/blog\/?p=19140"},"modified":"2020-08-06T08:29:35","modified_gmt":"2020-08-06T07:29:35","slug":"soyons-alertes","status":"publish","type":"post","link":"https:\/\/www.associationdemarie.org\/blog\/soyons-alertes\/","title":{"rendered":"Soyons alertes !"},"content":{"rendered":"<p><img loading=\"lazy\" decoding=\"async\" class=\"aligncenter  wp-image-19141\" src=\"https:\/\/www.associationdemarie.org\/blog\/wp-content\/uploads\/2020\/08\/photo_3502_35748067.jpg\" alt=\"\" width=\"461\" height=\"307\" srcset=\"https:\/\/www.associationdemarie.org\/blog\/wp-content\/uploads\/2020\/08\/photo_3502_35748067.jpg 350w, https:\/\/www.associationdemarie.org\/blog\/wp-content\/uploads\/2020\/08\/photo_3502_35748067-300x200.jpg 300w\" sizes=\"auto, (max-width: 461px) 100vw, 461px\" \/><\/p>\n<p>Soyez attentifs \u00e0 mes paroles et pr\u00eatez l\u2019oreille \u00e0 mes humbles discours ; \u00e0 vous tous, je crie, tous, je vous exhorte : \u00ab \u00c9levez-vous vers Dieu, d\u00e9faites-vous de vos attachements aux passions ! \u00bb Voici ce que vous crie le proph\u00e8te : \u00ab Venez, montons \u00e0 la montagne du Seigneur et \u00e0 la maison du Dieu de Jacob \u00bb (Is 2,3), celle de l\u2019impassibilit\u00e9, et contemplons avec les yeux de notre intellect la joie qui nous est r\u00e9serv\u00e9e par les promesses c\u00e9lestes.<\/p>\n<p>Mes enfants bien-aim\u00e9s, ramassez votre ardeur, prenez des ailes de feu comme les colombes, selon ce qu\u2019il est \u00e9crit, envolez-vous (cf. Ps 54,7), et passez dans les rangs de droite (cf. Mt 25,33), ceux de la vertu. Accueillez joie, d\u00e9sir spirituel et passionn\u00e9 de Dieu. Goutez la tr\u00e8s grande douceur (cf. Ap 10,9-10) de son amour et, par lui, consid\u00e9rant toutes choses comme secondaires, foulez aux pieds vaine gloire, d\u00e9sir de la chair et col\u00e8re farouche ! (\u2026)<\/p>\n<p>Retroussons nos tuniques, soyons alertes, ayons le regard per\u00e7ant, le vol rapide pour ce voyage qui nous m\u00e8ne de la terre au ciel ! Les voyageurs, certes, peuvent avoir \u00e0 souffrir. Et cela vous arrive aussi : comme vous le voyez, en effet, vous peinez dans de durs travaux, vous vous fatiguez, vous travaillez la terre \u00e0 en perdre le souffle, vous r\u00e9pandez votre sueur, vous \u00eates \u00e0 bout de forces, affam\u00e9s, assoiff\u00e9s, l\u2019un peine \u00e0 labourer, l\u2019autre \u00e0 travailler la vigne, un autre \u00e0 presser l\u2019huile, ou encore \u00e0 cuisiner, \u00e0 b\u00e2tir, \u00e0 faire le pain ou \u00e0 s\u2019occuper du cellier, bref chacun \u00e0 leur place. Tous s\u2019avancent sur la route de Dieu, ils approchent de la grande cit\u00e9, et par la mort ils auront acc\u00e8s \u00e0 l\u2019indicible joie des biens que Dieu r\u00e9serve \u00e0 tous ceux qui l\u2019auront aim\u00e9. (\u2026)<\/p>\n<p>Puissions-nous \u00eatre jug\u00e9s dignes du royaume du Christ lui-m\u00eame, notre Dieu, \u00e0 qui appartiennent la gloire et la puissance avec le P\u00e8re et le Saint-Esprit , maintenant et toujours et dans les si\u00e8cles des si\u00e8cles. Amen<\/p>\n<h3 class=\"GospelCommentaryAuthor-name commentary-author font-2\">Saint Th\u00e9odore le Studite (759-826)<\/h3>\n<p>&nbsp;<\/p>\n<p>&nbsp;<\/p>\n<p>&nbsp;<\/p>\n","protected":false},"excerpt":{"rendered":"<p>Soyez attentifs \u00e0 mes paroles et pr\u00eatez l\u2019oreille \u00e0 mes humbles discours ; \u00e0 vous tous, je crie, tous, je vous exhorte : \u00ab \u00c9levez-vous vers Dieu, d\u00e9faites-vous de vos attachements aux passions ! \u00bb Voici ce que vous crie le proph\u00e8te : \u00ab Venez, montons \u00e0 la montagne du Seigneur et \u00e0 la maison [&hellip;]<\/p>\n","protected":false},"author":2,"featured_media":0,"comment_status":"closed","ping_status":"closed","sticky":false,"template":"","format":"standard","meta":{"footnotes":""},"categories":[26],"tags":[830,1430,1175],"class_list":["post-19140","post","type-post","status-publish","format-standard","hentry","category-priere-des-ames","tag-priere","tag-st-theodore-le-studite","tag-veillez"],"_links":{"self":[{"href":"https:\/\/www.associationdemarie.org\/blog\/wp-json\/wp\/v2\/posts\/19140","targetHints":{"allow":["GET"]}}],"collection":[{"href":"https:\/\/www.associationdemarie.org\/blog\/wp-json\/wp\/v2\/posts"}],"about":[{"href":"https:\/\/www.associationdemarie.org\/blog\/wp-json\/wp\/v2\/types\/post"}],"author":[{"embeddable":true,"href":"https:\/\/www.associationdemarie.org\/blog\/wp-json\/wp\/v2\/users\/2"}],"replies":[{"embeddable":true,"href":"https:\/\/www.associationdemarie.org\/blog\/wp-json\/wp\/v2\/comments?post=19140"}],"version-history":[{"count":1,"href":"https:\/\/www.associationdemarie.org\/blog\/wp-json\/wp\/v2\/posts\/19140\/revisions"}],"predecessor-version":[{"id":19142,"href":"https:\/\/www.associationdemarie.org\/blog\/wp-json\/wp\/v2\/posts\/19140\/revisions\/19142"}],"wp:attachment":[{"href":"https:\/\/www.associationdemarie.org\/blog\/wp-json\/wp\/v2\/media?parent=19140"}],"wp:term":[{"taxonomy":"category","embeddable":true,"href":"https:\/\/www.associationdemarie.org\/blog\/wp-json\/wp\/v2\/categories?post=19140"},{"taxonomy":"post_tag","embeddable":true,"href":"https:\/\/www.associationdemarie.org\/blog\/wp-json\/wp\/v2\/tags?post=19140"}],"curies":[{"name":"wp","href":"https:\/\/api.w.org\/{rel}","templated":true}]}}