{"id":19125,"date":"2020-08-23T01:08:17","date_gmt":"2020-08-23T00:08:17","guid":{"rendered":"http:\/\/www.associationdemarie.org\/blog\/?p=19125"},"modified":"2020-08-02T08:09:59","modified_gmt":"2020-08-02T07:09:59","slug":"la-fermete-de-leglise","status":"publish","type":"post","link":"https:\/\/www.associationdemarie.org\/blog\/la-fermete-de-leglise\/","title":{"rendered":"La fermet\u00e9 de l\u2019\u00c9glise"},"content":{"rendered":"<p><img loading=\"lazy\" decoding=\"async\" class=\"aligncenter  wp-image-19127\" src=\"https:\/\/www.associationdemarie.org\/blog\/wp-content\/uploads\/2020\/08\/a10.png\" alt=\"\" width=\"447\" height=\"268\" srcset=\"https:\/\/www.associationdemarie.org\/blog\/wp-content\/uploads\/2020\/08\/a10.png 480w, https:\/\/www.associationdemarie.org\/blog\/wp-content\/uploads\/2020\/08\/a10-300x180.png 300w\" sizes=\"auto, (max-width: 447px) 100vw, 447px\" \/><\/p>\n<p>Nous Nous sentons en pleine s\u00e9curit\u00e9 dans la citadelle de la sainte \u00c9glise. (\u2026) Jamais les promesses du Christ ne tromp\u00e8rent son attente ; (\u2026) elles Nous semblent m\u00eame consolid\u00e9es davantage encore par l&rsquo;\u00e9preuve de tant de si\u00e8cles et les vicissitudes de tant d&rsquo;\u00e9v\u00e9nements.<\/p>\n<p>Les royaumes et les empires se sont \u00e9croul\u00e9s; des peuples, que la gloire de leur nom autant que leur civilisation avait rendus c\u00e9l\u00e8bres, ont disparu. On voit des nations comme accabl\u00e9es de v\u00e9tust\u00e9 se d\u00e9sagr\u00e9ger elles-m\u00eames. L&rsquo;\u00c9glise, elle, est immortelle de sa nature; jamais le lien qui l&rsquo;unit \u00e0 son c\u00e9leste \u00c9poux ne doit se rompre, et d\u00e8s lors la caducit\u00e9 ne peut l&rsquo;atteindre; elle demeure florissante de jeunesse, toujours d\u00e9bordante de cette force avec laquelle elle s&rsquo;\u00e9lan\u00e7a du c\u0153ur transperc\u00e9 du Christ mort sur la croix. Les puissants de la terre se sont lev\u00e9s contre elle, ils se sont \u00e9vanouis, elle demeure! Les ma\u00eetres de la sagesse ont, dans leur orgueil, imagin\u00e9 une vari\u00e9t\u00e9 infinie de syst\u00e8mes qui devaient, pensaient-ils, battre en br\u00e8che l&rsquo;enseignement de l&rsquo;\u00c9glise, ruiner les dogmes de sa foi, d\u00e9montrer l&rsquo;absurdit\u00e9 de son magist\u00e8re&#8230; Mais l&rsquo;histoire nous montre ces syst\u00e8mes abandonn\u00e9s \u00e0 l&rsquo;oubli, ruin\u00e9s de fond en comble. Et, pendant ce temps, du haut de la citadelle de Pierre, la vraie lumi\u00e8re resplendit de tout l&rsquo;\u00e9clat que lui communiqua le Christ d\u00e8s l&rsquo;origine et qu&rsquo;il alimente par cette divine sentence: \u00ab Ciel et terre passeront, mais mes paroles ne passeront pas \u00bb (Mt 24,35). (\u2026)<\/p>\n<p>C&rsquo;est pourquoi (\u2026) dirigez les pas de votre \u00e2me, ainsi que vous avez commenc\u00e9, sur la fermet\u00e9 de cette pierre: sur elle, vous le savez, notre R\u00e9dempteur a fond\u00e9 l&rsquo;\u00c9glise \u00e0 travers le monde entier, de sorte que les c\u0153urs sinc\u00e8res r\u00e9glant sur elle leur marche ne tr\u00e9buchent pas<\/p>\n<h3 class=\"GospelCommentaryAuthor-name commentary-author font-2\">Saint Pie X<\/h3>\n<p>&nbsp;<\/p>\n<p>&nbsp;<\/p>\n<p>&nbsp;<\/p>\n","protected":false},"excerpt":{"rendered":"<p>Nous Nous sentons en pleine s\u00e9curit\u00e9 dans la citadelle de la sainte \u00c9glise. (\u2026) Jamais les promesses du Christ ne tromp\u00e8rent son attente ; (\u2026) elles Nous semblent m\u00eame consolid\u00e9es davantage encore par l&rsquo;\u00e9preuve de tant de si\u00e8cles et les vicissitudes de tant d&rsquo;\u00e9v\u00e9nements. Les royaumes et les empires se sont \u00e9croul\u00e9s; des peuples, que [&hellip;]<\/p>\n","protected":false},"author":2,"featured_media":0,"comment_status":"closed","ping_status":"closed","sticky":false,"template":"","format":"standard","meta":{"footnotes":""},"categories":[13,1261,1],"tags":[336,1336,1071],"class_list":["post-19125","post","type-post","status-publish","format-standard","hentry","category-ecritures","category-enseignement-2","category-non-classe","tag-eglise","tag-pie-x","tag-st-pierre"],"_links":{"self":[{"href":"https:\/\/www.associationdemarie.org\/blog\/wp-json\/wp\/v2\/posts\/19125","targetHints":{"allow":["GET"]}}],"collection":[{"href":"https:\/\/www.associationdemarie.org\/blog\/wp-json\/wp\/v2\/posts"}],"about":[{"href":"https:\/\/www.associationdemarie.org\/blog\/wp-json\/wp\/v2\/types\/post"}],"author":[{"embeddable":true,"href":"https:\/\/www.associationdemarie.org\/blog\/wp-json\/wp\/v2\/users\/2"}],"replies":[{"embeddable":true,"href":"https:\/\/www.associationdemarie.org\/blog\/wp-json\/wp\/v2\/comments?post=19125"}],"version-history":[{"count":3,"href":"https:\/\/www.associationdemarie.org\/blog\/wp-json\/wp\/v2\/posts\/19125\/revisions"}],"predecessor-version":[{"id":19129,"href":"https:\/\/www.associationdemarie.org\/blog\/wp-json\/wp\/v2\/posts\/19125\/revisions\/19129"}],"wp:attachment":[{"href":"https:\/\/www.associationdemarie.org\/blog\/wp-json\/wp\/v2\/media?parent=19125"}],"wp:term":[{"taxonomy":"category","embeddable":true,"href":"https:\/\/www.associationdemarie.org\/blog\/wp-json\/wp\/v2\/categories?post=19125"},{"taxonomy":"post_tag","embeddable":true,"href":"https:\/\/www.associationdemarie.org\/blog\/wp-json\/wp\/v2\/tags?post=19125"}],"curies":[{"name":"wp","href":"https:\/\/api.w.org\/{rel}","templated":true}]}}