{"id":19097,"date":"2020-08-14T01:27:28","date_gmt":"2020-08-14T00:27:28","guid":{"rendered":"http:\/\/www.associationdemarie.org\/blog\/?p=19097"},"modified":"2020-07-24T08:29:08","modified_gmt":"2020-07-24T07:29:08","slug":"tous-deux-ne-feront-plus-quun-ce-mystere-est-grand-je-veux-dire-quil-sapplique-au-christ-et-a-leglise-ep-531-32","status":"publish","type":"post","link":"https:\/\/www.associationdemarie.org\/blog\/tous-deux-ne-feront-plus-quun-ce-mystere-est-grand-je-veux-dire-quil-sapplique-au-christ-et-a-leglise-ep-531-32\/","title":{"rendered":"\u00ab &lsquo;Tous deux ne feront plus qu&rsquo;un&rsquo;.  Ce myst\u00e8re est grand : je veux dire qu&rsquo;il s&rsquo;applique au Christ et \u00e0 l&rsquo;\u00c9glise. \u00bb (Ep 5,31-32)"},"content":{"rendered":"<p><img loading=\"lazy\" decoding=\"async\" class=\"aligncenter  wp-image-19098\" src=\"https:\/\/www.associationdemarie.org\/blog\/wp-content\/uploads\/2020\/07\/Isus.jpg\" alt=\"\" width=\"368\" height=\"451\" srcset=\"https:\/\/www.associationdemarie.org\/blog\/wp-content\/uploads\/2020\/07\/Isus.jpg 408w, https:\/\/www.associationdemarie.org\/blog\/wp-content\/uploads\/2020\/07\/Isus-245x300.jpg 245w\" sizes=\"auto, (max-width: 368px) 100vw, 368px\" \/><\/p>\n<p>Vraiment, il est juste et bon de te rendre gloire,<br \/>\nde t&rsquo;offrir notre action de gr\u00e2ce, toujours et en tout lieu,<br \/>\n\u00e0 toi, P\u00e8re tr\u00e8s saint, Dieu \u00e9ternel et tout puissant.<\/p>\n<p>Car tu as voulu que l&rsquo;homme, cr\u00e9\u00e9 par ta bont\u00e9,<br \/>\natteigne une telle grandeur<br \/>\nque l&rsquo;affection mutuelle des \u00e9poux<br \/>\nsoit une image de ton amour.<br \/>\nEt ceux que tu as ainsi cr\u00e9\u00e9s parce que tu les aimes,<br \/>\ntu les appelles sans cesse \u00e0 aimer comme toi<br \/>\npour leur donner part \u00e0 ton amour \u00e9ternel.<br \/>\nSeigneur, nous te rendons gr\u00e2ce,<br \/>\ncar le sacrement du mariage<br \/>\nqui nous r\u00e9v\u00e8le ton amour<br \/>\nconsacre aussi l&rsquo;amour humain,<br \/>\npar le Christ notre Seigneur.<\/p>\n<p>Par lui, avec les anges et tous les saints,<br \/>\nnous chantons l&rsquo;hymne de ta gloire<br \/>\net sans fin nous proclamons : Saint ! Saint ! Saint !..<\/p>\n<h3 class=\"GospelCommentaryAuthor-name commentary-author font-2\">Le Missel romain<\/h3>\n<p>&nbsp;<\/p>\n<p>&nbsp;<\/p>\n<p>&nbsp;<\/p>\n","protected":false},"excerpt":{"rendered":"<p>Vraiment, il est juste et bon de te rendre gloire, de t&rsquo;offrir notre action de gr\u00e2ce, toujours et en tout lieu, \u00e0 toi, P\u00e8re tr\u00e8s saint, Dieu \u00e9ternel et tout puissant. Car tu as voulu que l&rsquo;homme, cr\u00e9\u00e9 par ta bont\u00e9, atteigne une telle grandeur que l&rsquo;affection mutuelle des \u00e9poux soit une image de ton [&hellip;]<\/p>\n","protected":false},"author":2,"featured_media":0,"comment_status":"closed","ping_status":"closed","sticky":false,"template":"","format":"standard","meta":{"footnotes":""},"categories":[13,1261],"tags":[635,1375,1166],"class_list":["post-19097","post","type-post","status-publish","format-standard","hentry","category-ecritures","category-enseignement-2","tag-mariage","tag-missel-romain","tag-union"],"_links":{"self":[{"href":"https:\/\/www.associationdemarie.org\/blog\/wp-json\/wp\/v2\/posts\/19097","targetHints":{"allow":["GET"]}}],"collection":[{"href":"https:\/\/www.associationdemarie.org\/blog\/wp-json\/wp\/v2\/posts"}],"about":[{"href":"https:\/\/www.associationdemarie.org\/blog\/wp-json\/wp\/v2\/types\/post"}],"author":[{"embeddable":true,"href":"https:\/\/www.associationdemarie.org\/blog\/wp-json\/wp\/v2\/users\/2"}],"replies":[{"embeddable":true,"href":"https:\/\/www.associationdemarie.org\/blog\/wp-json\/wp\/v2\/comments?post=19097"}],"version-history":[{"count":1,"href":"https:\/\/www.associationdemarie.org\/blog\/wp-json\/wp\/v2\/posts\/19097\/revisions"}],"predecessor-version":[{"id":19099,"href":"https:\/\/www.associationdemarie.org\/blog\/wp-json\/wp\/v2\/posts\/19097\/revisions\/19099"}],"wp:attachment":[{"href":"https:\/\/www.associationdemarie.org\/blog\/wp-json\/wp\/v2\/media?parent=19097"}],"wp:term":[{"taxonomy":"category","embeddable":true,"href":"https:\/\/www.associationdemarie.org\/blog\/wp-json\/wp\/v2\/categories?post=19097"},{"taxonomy":"post_tag","embeddable":true,"href":"https:\/\/www.associationdemarie.org\/blog\/wp-json\/wp\/v2\/tags?post=19097"}],"curies":[{"name":"wp","href":"https:\/\/api.w.org\/{rel}","templated":true}]}}