{"id":19067,"date":"2020-08-05T01:16:46","date_gmt":"2020-08-05T00:16:46","guid":{"rendered":"http:\/\/www.associationdemarie.org\/blog\/?p=19067"},"modified":"2020-07-15T08:18:34","modified_gmt":"2020-07-15T07:18:34","slug":"jesus-se-rendit-dans-la-region-de-tyr","status":"publish","type":"post","link":"https:\/\/www.associationdemarie.org\/blog\/jesus-se-rendit-dans-la-region-de-tyr\/","title":{"rendered":"\u00ab J\u00e9sus se rendit dans la r\u00e9gion de Tyr. \u00bb"},"content":{"rendered":"<p><img loading=\"lazy\" decoding=\"async\" class=\"aligncenter size-full wp-image-19068\" src=\"https:\/\/www.associationdemarie.org\/blog\/wp-content\/uploads\/2020\/07\/28253_10.jpg\" alt=\"\" width=\"400\" height=\"468\" srcset=\"https:\/\/www.associationdemarie.org\/blog\/wp-content\/uploads\/2020\/07\/28253_10.jpg 400w, https:\/\/www.associationdemarie.org\/blog\/wp-content\/uploads\/2020\/07\/28253_10-256x300.jpg 256w\" sizes=\"auto, (max-width: 400px) 100vw, 400px\" \/><\/p>\n<p>J\u00e9sus est sorti d&rsquo;Isra\u00ebl (\u2026) : \u00ab En sortant de l\u00e0, J\u00e9sus entra dans la r\u00e9gion de Tyr \u00bb (Mt 15,21), nom qui veut dire \u00ab le rassemblement des nations. \u00bb C&rsquo;\u00e9tait afin que, parmi les gens de ce territoire, ceux qui croyaient puissent \u00eatre sauv\u00e9s quand ils en seraient sortis. En effet, pr\u00eate attention \u00e0 ces mots : \u00ab Voici qu&rsquo;une femme, une Canan\u00e9enne, sortant de ces territoires, poussa des cris en disant : \u2018Piti\u00e9 pour moi, Seigneur, Fils de David ; ma fille est tourment\u00e9e par un d\u00e9mon\u2019 \u00bb (v. 22). \u00c0 mon avis, si elle n&rsquo;\u00e9tait pas sortie de ces territoires, elle n&rsquo;aurait pas pu pousser vers J\u00e9sus ces cris jaillis \u00ab d&rsquo;une grande foi \u00bb, comme il en a t\u00e9moign\u00e9 lui-m\u00eame (v. 28).<\/p>\n<p>\u00ab Selon la proportion de notre foi \u00bb (Rm 12,6), on sort du territoire des nations pa\u00efennes (\u2026). Il faut s\u00fbrement croire que chacun d&rsquo;entre nous, quand il est p\u00e9cheur, se trouve dans le territoire de Tyr ou de Sidon, ou du Pharaon et de l&rsquo;\u00c9gypte, ou bien de n&rsquo;importe quel pays \u00e9tranger \u00e0 l&rsquo;h\u00e9ritage de Dieu. Mais quand le p\u00e9cheur quitte le mal, revenant au bien, il sort de ces territoires o\u00f9 r\u00e8gne le p\u00e9ch\u00e9 : il se h\u00e2te vers les territoires qui sont la part de Dieu (\u2026).<\/p>\n<p>Remarque aussi cette sorte de marche de J\u00e9sus \u00e0 la rencontre de la femme de Canaan ; car il semble se diriger vers la r\u00e9gion de Tyr et de Sidon (\u2026). Les justes sont dispos\u00e9s au Royaume des cieux et \u00e0 l&rsquo;\u00e9l\u00e9vation dans le Royaume de Dieu, mais les p\u00e9cheurs sont dispos\u00e9s \u00e0 la d\u00e9ch\u00e9ance de leur m\u00e9chancet\u00e9 (\u2026). La Canan\u00e9enne, en quittant ces territoires, quittait cette disposition \u00e0 la d\u00e9ch\u00e9ance, quand elle poussait des cris et disait : \u00ab Piti\u00e9 pour moi, Seigneur, Fils de David. \u00bb (&#8230;) Toutes les gu\u00e9risons que J\u00e9sus a accomplies (&#8230;), comme les \u00e9vang\u00e9listes les ont racont\u00e9es, ont eu lieu alors pour que ceux qui les voient aient la foi. Mais ces \u00e9v\u00e9nements sont le symbole de ce qui est toujours r\u00e9alis\u00e9 par la puissance de J\u00e9sus, car il n&rsquo;y a pas d&rsquo;\u00e9poque o\u00f9 ce qui est \u00e9crit ne se r\u00e9alise pas, exactement de la m\u00eame fa\u00e7on<\/p>\n<h3 class=\"GospelCommentaryAuthor-name commentary-author font-2\">Orig\u00e8ne (v. 185-253)<\/h3>\n<p>&nbsp;<\/p>\n<p>&nbsp;<\/p>\n<p>&nbsp;<\/p>\n","protected":false},"excerpt":{"rendered":"<p>J\u00e9sus est sorti d&rsquo;Isra\u00ebl (\u2026) : \u00ab En sortant de l\u00e0, J\u00e9sus entra dans la r\u00e9gion de Tyr \u00bb (Mt 15,21), nom qui veut dire \u00ab le rassemblement des nations. \u00bb C&rsquo;\u00e9tait afin que, parmi les gens de ce territoire, ceux qui croyaient puissent \u00eatre sauv\u00e9s quand ils en seraient sortis. En effet, pr\u00eate attention [&hellip;]<\/p>\n","protected":false},"author":2,"featured_media":0,"comment_status":"closed","ping_status":"closed","sticky":false,"template":"","format":"standard","meta":{"footnotes":""},"categories":[13,1261],"tags":[1564,742],"class_list":["post-19067","post","type-post","status-publish","format-standard","hentry","category-ecritures","category-enseignement-2","tag-cananeenne","tag-origene"],"_links":{"self":[{"href":"https:\/\/www.associationdemarie.org\/blog\/wp-json\/wp\/v2\/posts\/19067","targetHints":{"allow":["GET"]}}],"collection":[{"href":"https:\/\/www.associationdemarie.org\/blog\/wp-json\/wp\/v2\/posts"}],"about":[{"href":"https:\/\/www.associationdemarie.org\/blog\/wp-json\/wp\/v2\/types\/post"}],"author":[{"embeddable":true,"href":"https:\/\/www.associationdemarie.org\/blog\/wp-json\/wp\/v2\/users\/2"}],"replies":[{"embeddable":true,"href":"https:\/\/www.associationdemarie.org\/blog\/wp-json\/wp\/v2\/comments?post=19067"}],"version-history":[{"count":1,"href":"https:\/\/www.associationdemarie.org\/blog\/wp-json\/wp\/v2\/posts\/19067\/revisions"}],"predecessor-version":[{"id":19069,"href":"https:\/\/www.associationdemarie.org\/blog\/wp-json\/wp\/v2\/posts\/19067\/revisions\/19069"}],"wp:attachment":[{"href":"https:\/\/www.associationdemarie.org\/blog\/wp-json\/wp\/v2\/media?parent=19067"}],"wp:term":[{"taxonomy":"category","embeddable":true,"href":"https:\/\/www.associationdemarie.org\/blog\/wp-json\/wp\/v2\/categories?post=19067"},{"taxonomy":"post_tag","embeddable":true,"href":"https:\/\/www.associationdemarie.org\/blog\/wp-json\/wp\/v2\/tags?post=19067"}],"curies":[{"name":"wp","href":"https:\/\/api.w.org\/{rel}","templated":true}]}}