{"id":19054,"date":"2020-08-01T01:28:39","date_gmt":"2020-08-01T00:28:39","guid":{"rendered":"http:\/\/www.associationdemarie.org\/blog\/?p=19054"},"modified":"2020-07-11T06:30:31","modified_gmt":"2020-07-11T05:30:31","slug":"jean-baptiste-martyr-de-la-verite-2","status":"publish","type":"post","link":"https:\/\/www.associationdemarie.org\/blog\/jean-baptiste-martyr-de-la-verite-2\/","title":{"rendered":"Jean Baptiste, martyr de la v\u00e9rit\u00e9"},"content":{"rendered":"<p><img loading=\"lazy\" decoding=\"async\" class=\"aligncenter size-full wp-image-19055\" src=\"https:\/\/www.associationdemarie.org\/blog\/wp-content\/uploads\/2020\/07\/Bernardino-Luini-Milan-vers-1485-1532-t\u00eate-de-Jean-Baptisite.jpg\" alt=\"\" width=\"275\" height=\"320\" srcset=\"https:\/\/www.associationdemarie.org\/blog\/wp-content\/uploads\/2020\/07\/Bernardino-Luini-Milan-vers-1485-1532-t\u00eate-de-Jean-Baptisite.jpg 275w, https:\/\/www.associationdemarie.org\/blog\/wp-content\/uploads\/2020\/07\/Bernardino-Luini-Milan-vers-1485-1532-t\u00eate-de-Jean-Baptisite-258x300.jpg 258w\" sizes=\"auto, (max-width: 275px) 100vw, 275px\" \/><\/p>\n<p>L&rsquo;\u00c9glise du premier mill\u00e9naire est n\u00e9e du sang des martyrs : \u00ab Sanguis martyrum semen christianorum ; le sang des martyrs est une semence de chr\u00e9tiens \u00bb (Tertullien). Les \u00e9v\u00e9nements historiques (&#8230;) n&rsquo;auraient jamais pu garantir \u00e0 l&rsquo;\u00c9glise un d\u00e9veloppement comme celui qui se r\u00e9alisa durant le premier mill\u00e9naire s&rsquo;il n&rsquo;y avait eu les semailles des martyrs et le patrimoine de saintet\u00e9 qui caract\u00e9ris\u00e8rent les premi\u00e8res g\u00e9n\u00e9rations chr\u00e9tiennes. Au terme du deuxi\u00e8me mill\u00e9naire, l&rsquo;\u00c9glise est devenue \u00e0 nouveau une \u00c9glise de martyrs. Les pers\u00e9cutions \u00e0 l&rsquo;encontre des croyants \u2014 pr\u00eatres, religieux et la\u00efcs \u2014 ont provoqu\u00e9 d&rsquo;abondantes semailles de martyrs dans diff\u00e9rentes parties du monde. Le t\u00e9moignage rendu au Christ jusqu&rsquo;au sang est devenu un patrimoine commun aux catholiques, aux orthodoxes, aux anglicans et aux protestants, comme le notait d\u00e9j\u00e0 Paul VI (&#8230;). C&rsquo;est l\u00e0 un t\u00e9moignage \u00e0 ne pas oublier. (&#8230;)<\/p>\n<p>En notre si\u00e8cle, les martyrs sont revenus ; souvent inconnus, ils sont comme des \u00ab soldats inconnus \u00bb de la grande cause de Dieu. Dans toute la mesure du possible, il faut \u00e9viter de perdre leur t\u00e9moignage dans l&rsquo;\u00c9glise. (&#8230;) Il faut que les \u00c9glises locales fassent tout leur possible pour ne pas laisser perdre la m\u00e9moire de ceux qui ont subi le martyre, en rassemblant \u00e0 cette intention la documentation n\u00e9cessaire.<\/p>\n<p>Et cela ne saurait manquer d&rsquo;avoir un caract\u00e8re \u0153cum\u00e9nique marqu\u00e9. L&rsquo;\u0153cum\u00e9nisme des saints, des martyrs, est peut-\u00eatre celui qui convainc le plus. La voix de la \u00ab communio sanctorum \u00bb, la communion des saints, est plus forte que celle des fauteurs de division. (&#8230;) Le plus grand hommage que toutes les \u00c9glises rendront au Christ au seuil du troisi\u00e8me mill\u00e9naire sera de montrer la pr\u00e9sence toute-puissante du R\u00e9dempteur par les fruits de foi, d&rsquo;esp\u00e9rance et de charit\u00e9 chez des hommes et des femmes de si nombreuses langues et races qui ont suivi le Christ dans les diverses formes de la vocation chr\u00e9tienne<\/p>\n<h3 class=\"GospelCommentaryAuthor-name commentary-author font-2\">Saint Jean-Paul II (1920-2005)<\/h3>\n<p>&nbsp;<\/p>\n<p>&nbsp;<\/p>\n<p>&nbsp;<\/p>\n","protected":false},"excerpt":{"rendered":"<p>L&rsquo;\u00c9glise du premier mill\u00e9naire est n\u00e9e du sang des martyrs : \u00ab Sanguis martyrum semen christianorum ; le sang des martyrs est une semence de chr\u00e9tiens \u00bb (Tertullien). Les \u00e9v\u00e9nements historiques (&#8230;) n&rsquo;auraient jamais pu garantir \u00e0 l&rsquo;\u00c9glise un d\u00e9veloppement comme celui qui se r\u00e9alisa durant le premier mill\u00e9naire s&rsquo;il n&rsquo;y avait eu les semailles [&hellip;]<\/p>\n","protected":false},"author":2,"featured_media":0,"comment_status":"closed","ping_status":"closed","sticky":false,"template":"","format":"standard","meta":{"footnotes":""},"categories":[13,1261,28],"tags":[336,647,1042,1253],"class_list":["post-19054","post","type-post","status-publish","format-standard","hentry","category-ecritures","category-enseignement-2","category-saints-et-saintes","tag-eglise","tag-martyr","tag-st-jean-baptiste","tag-st-jean-paul-2"],"_links":{"self":[{"href":"https:\/\/www.associationdemarie.org\/blog\/wp-json\/wp\/v2\/posts\/19054","targetHints":{"allow":["GET"]}}],"collection":[{"href":"https:\/\/www.associationdemarie.org\/blog\/wp-json\/wp\/v2\/posts"}],"about":[{"href":"https:\/\/www.associationdemarie.org\/blog\/wp-json\/wp\/v2\/types\/post"}],"author":[{"embeddable":true,"href":"https:\/\/www.associationdemarie.org\/blog\/wp-json\/wp\/v2\/users\/2"}],"replies":[{"embeddable":true,"href":"https:\/\/www.associationdemarie.org\/blog\/wp-json\/wp\/v2\/comments?post=19054"}],"version-history":[{"count":1,"href":"https:\/\/www.associationdemarie.org\/blog\/wp-json\/wp\/v2\/posts\/19054\/revisions"}],"predecessor-version":[{"id":19056,"href":"https:\/\/www.associationdemarie.org\/blog\/wp-json\/wp\/v2\/posts\/19054\/revisions\/19056"}],"wp:attachment":[{"href":"https:\/\/www.associationdemarie.org\/blog\/wp-json\/wp\/v2\/media?parent=19054"}],"wp:term":[{"taxonomy":"category","embeddable":true,"href":"https:\/\/www.associationdemarie.org\/blog\/wp-json\/wp\/v2\/categories?post=19054"},{"taxonomy":"post_tag","embeddable":true,"href":"https:\/\/www.associationdemarie.org\/blog\/wp-json\/wp\/v2\/tags?post=19054"}],"curies":[{"name":"wp","href":"https:\/\/api.w.org\/{rel}","templated":true}]}}