{"id":19045,"date":"2020-07-30T01:49:03","date_gmt":"2020-07-30T00:49:03","guid":{"rendered":"http:\/\/www.associationdemarie.org\/blog\/?p=19045"},"modified":"2020-07-09T05:52:17","modified_gmt":"2020-07-09T04:52:17","slug":"sur-le-rivage-on-ramasse-ce-qui-est-bon","status":"publish","type":"post","link":"https:\/\/www.associationdemarie.org\/blog\/sur-le-rivage-on-ramasse-ce-qui-est-bon\/","title":{"rendered":"\u00ab Sur le rivage&#8230; on ramasse ce qui est bon. \u00bb"},"content":{"rendered":"<p><img loading=\"lazy\" decoding=\"async\" class=\"aligncenter  wp-image-19046\" src=\"https:\/\/www.associationdemarie.org\/blog\/wp-content\/uploads\/2020\/07\/unnamed-1.jpg\" alt=\"\" width=\"367\" height=\"260\" srcset=\"https:\/\/www.associationdemarie.org\/blog\/wp-content\/uploads\/2020\/07\/unnamed-1.jpg 512w, https:\/\/www.associationdemarie.org\/blog\/wp-content\/uploads\/2020\/07\/unnamed-1-300x213.jpg 300w\" sizes=\"auto, (max-width: 367px) 100vw, 367px\" \/><\/p>\n<p>\u00ab Il jugera le monde avec justice, et les peuples selon sa v\u00e9rit\u00e9. \u00bb (Ps 95,13) Quelle justice et quelle v\u00e9rit\u00e9 ? Il rassemblera aupr\u00e8s de lui ses \u00e9lus (Mc 13,27) ; les autres, il les s\u00e9parera, car il mettra ceux-ci \u00e0 sa droite, et ceux-l\u00e0 \u00e0 sa gauche (Mt 25,33). Qu&rsquo;y aura-t-il de plus juste, de plus vrai que cela ? Ils n&rsquo;attendront pas du juge la mis\u00e9ricorde, ceux qui n&rsquo;ont pas voulu exercer la mis\u00e9ricorde avant la venue du juge. Ceux qui ont voulu exercer la mis\u00e9ricorde seront jug\u00e9s avec mis\u00e9ricorde (Lc 6,37). Car il dira \u00e0 ceux qu&rsquo;il aura mis \u00e0 sa droite : \u00ab Venez, les b\u00e9nis de mon P\u00e8re, recevez en h\u00e9ritage le royaume pr\u00e9par\u00e9 pour vous depuis la cr\u00e9ation du monde \u00bb. Et il leur attribue des actes de mis\u00e9ricorde : \u00ab J&rsquo;avais faim, et vous m&rsquo;avez donn\u00e9 \u00e0 manger ; j&rsquo;avais soif, et vous m&rsquo;avez donn\u00e9 \u00e0 boire \u00bb, et toute la suite (Mt 25,31s). (&#8230;)<\/p>\n<p>Parce que tu es injuste, le juge ne sera pas juste ? Parce qu&rsquo;il t&rsquo;arrive de mentir, la v\u00e9rit\u00e9 ne sera pas v\u00e9ridique ? Si tu veux rencontrer un juge mis\u00e9ricordieux, sois mis\u00e9ricordieux avant qu&rsquo;il vienne. Pardonne, si l&rsquo;on t&rsquo;a offens\u00e9 ; donne les biens que tu poss\u00e8des en abondance. (&#8230;) Donne ce que tu tiens de lui : \u00ab Que poss\u00e8des-tu que tu n&rsquo;aies re\u00e7u ? \u00bb (1Co 4,7) Voil\u00e0 les sacrifices qui sont tr\u00e8s agr\u00e9ables \u00e0 Dieu : mis\u00e9ricorde, humilit\u00e9, reconnaissance, paix, charit\u00e9. Si c&rsquo;est cela que nous apportons, nous attendrons avec assurance l&rsquo;av\u00e8nement du juge, lui qui \u00ab jugera le monde avec justice, et les peuples selon sa v\u00e9rit\u00e9 \u00bb<\/p>\n<h3 class=\"GospelCommentaryAuthor-name commentary-author font-2\">Saint Augustin (354-430)<\/h3>\n<p>&nbsp;<\/p>\n<p>&nbsp;<\/p>\n<p>&nbsp;<\/p>\n","protected":false},"excerpt":{"rendered":"<p>\u00ab Il jugera le monde avec justice, et les peuples selon sa v\u00e9rit\u00e9. \u00bb (Ps 95,13) Quelle justice et quelle v\u00e9rit\u00e9 ? Il rassemblera aupr\u00e8s de lui ses \u00e9lus (Mc 13,27) ; les autres, il les s\u00e9parera, car il mettra ceux-ci \u00e0 sa droite, et ceux-l\u00e0 \u00e0 sa gauche (Mt 25,33). Qu&rsquo;y aura-t-il de plus [&hellip;]<\/p>\n","protected":false},"author":2,"featured_media":0,"comment_status":"closed","ping_status":"closed","sticky":false,"template":"","format":"standard","meta":{"footnotes":""},"categories":[13,1261],"tags":[1367,1012],"class_list":["post-19045","post","type-post","status-publish","format-standard","hentry","category-ecritures","category-enseignement-2","tag-pecheurs","tag-st-augustin"],"_links":{"self":[{"href":"https:\/\/www.associationdemarie.org\/blog\/wp-json\/wp\/v2\/posts\/19045","targetHints":{"allow":["GET"]}}],"collection":[{"href":"https:\/\/www.associationdemarie.org\/blog\/wp-json\/wp\/v2\/posts"}],"about":[{"href":"https:\/\/www.associationdemarie.org\/blog\/wp-json\/wp\/v2\/types\/post"}],"author":[{"embeddable":true,"href":"https:\/\/www.associationdemarie.org\/blog\/wp-json\/wp\/v2\/users\/2"}],"replies":[{"embeddable":true,"href":"https:\/\/www.associationdemarie.org\/blog\/wp-json\/wp\/v2\/comments?post=19045"}],"version-history":[{"count":1,"href":"https:\/\/www.associationdemarie.org\/blog\/wp-json\/wp\/v2\/posts\/19045\/revisions"}],"predecessor-version":[{"id":19047,"href":"https:\/\/www.associationdemarie.org\/blog\/wp-json\/wp\/v2\/posts\/19045\/revisions\/19047"}],"wp:attachment":[{"href":"https:\/\/www.associationdemarie.org\/blog\/wp-json\/wp\/v2\/media?parent=19045"}],"wp:term":[{"taxonomy":"category","embeddable":true,"href":"https:\/\/www.associationdemarie.org\/blog\/wp-json\/wp\/v2\/categories?post=19045"},{"taxonomy":"post_tag","embeddable":true,"href":"https:\/\/www.associationdemarie.org\/blog\/wp-json\/wp\/v2\/tags?post=19045"}],"curies":[{"name":"wp","href":"https:\/\/api.w.org\/{rel}","templated":true}]}}