{"id":19002,"date":"2020-07-17T01:51:35","date_gmt":"2020-07-17T00:51:35","guid":{"rendered":"http:\/\/www.associationdemarie.org\/blog\/?p=19002"},"modified":"2020-06-26T07:53:13","modified_gmt":"2020-06-26T06:53:13","slug":"il-y-a-ici-plus-grand-que-le-temple","status":"publish","type":"post","link":"https:\/\/www.associationdemarie.org\/blog\/il-y-a-ici-plus-grand-que-le-temple\/","title":{"rendered":"\u00ab Il y a ici plus grand que le Temple. \u00bb"},"content":{"rendered":"<p><img loading=\"lazy\" decoding=\"async\" class=\"aligncenter  wp-image-19003\" src=\"https:\/\/www.associationdemarie.org\/blog\/wp-content\/uploads\/2020\/06\/image.jpg\" alt=\"\" width=\"382\" height=\"215\" srcset=\"https:\/\/www.associationdemarie.org\/blog\/wp-content\/uploads\/2020\/06\/image.jpg 562w, https:\/\/www.associationdemarie.org\/blog\/wp-content\/uploads\/2020\/06\/image-300x169.jpg 300w\" sizes=\"auto, (max-width: 382px) 100vw, 382px\" \/><\/p>\n<p>Au sujet du sabbat, il est \u00e9crit : \u00ab Vos f\u00eates de la nouvelle lune et vos sabbats, je ne les supporte pas \u00bb (Is 1,13). Consid\u00e9rez cette parole. \u00ab Ce ne sont pas les sabbats actuels qui me plaisent, mais celui que j&rsquo;ai fait, o\u00f9, ayant mis fin \u00e0 l&rsquo;univers, je ferai surgir un huiti\u00e8me jour, qui sera l&rsquo;aube d&rsquo;un monde nouveau. \u00bb Voil\u00e0 pourquoi nous c\u00e9l\u00e9brons dans l&rsquo;all\u00e9gresse ce huiti\u00e8me jour, o\u00f9 J\u00e9sus est ressuscit\u00e9 des morts, s&rsquo;est manifest\u00e9, puis est mont\u00e9 aux cieux.<\/p>\n<p>Au sujet du Temple, j&rsquo;\u00e9voquerai l&rsquo;erreur de ces malheureux qui, sous pr\u00e9texte que c&rsquo;\u00e9tait la maison de Dieu, ont mis leur esp\u00e9rance dans un \u00e9difice plut\u00f4t que dans le Dieu qui les a cr\u00e9\u00e9s. (&#8230;) Examinons s&rsquo;il existe encore un temple pour Dieu. Oui, il en existe un et il est l\u00e0 o\u00f9 lui-m\u00eame affirme le construire et l&rsquo;orner. Car il est \u00e9crit : \u00ab \u00c0 la fin de la semaine, il adviendra qu&rsquo;un temple sera construit, avec magnificence, au nom du Seigneur \u00bb (cf Tb 14,5). Je constate donc que ce temple existe. Mais comment le construire au nom du Seigneur ? \u00c9coutez. Avant que nous ayons la foi, notre c\u0153ur \u00e9tait une demeure fragile et caduque, semblable en v\u00e9rit\u00e9 \u00e0 un temple b\u00e2ti de main d&rsquo;homme. Il \u00e9tait rempli des cultes d&rsquo;idoles, servait de repaire aux d\u00e9mons, tant nos entreprises allaient contre les desseins de Dieu.<\/p>\n<p>Mais \u00ab il sera b\u00e2ti au nom du Seigneur \u00bb. Veillez \u00e0 ce que ce temple soit construit \u00ab avec magnificence \u00bb. Comment ? En recevant la r\u00e9mission des p\u00e9ch\u00e9s, et en mettant notre esp\u00e9rance en son nom, nous devenons des hommes nouveaux, recr\u00e9\u00e9s comme \u00e0 l&rsquo;origine. Alors Dieu habite v\u00e9ritablement nos c\u0153urs, qui forment sa demeure<\/p>\n<h3 class=\"GospelCommentaryAuthor-name commentary-author font-2\">L&rsquo;\u00c9p\u00eetre dite de Barnab\u00e9 (vers 130)<\/h3>\n<p>&nbsp;<\/p>\n<p>&nbsp;<\/p>\n<p>&nbsp;<\/p>\n","protected":false},"excerpt":{"rendered":"<p>Au sujet du sabbat, il est \u00e9crit : \u00ab Vos f\u00eates de la nouvelle lune et vos sabbats, je ne les supporte pas \u00bb (Is 1,13). Consid\u00e9rez cette parole. \u00ab Ce ne sont pas les sabbats actuels qui me plaisent, mais celui que j&rsquo;ai fait, o\u00f9, ayant mis fin \u00e0 l&rsquo;univers, je ferai surgir un [&hellip;]<\/p>\n","protected":false},"author":2,"featured_media":0,"comment_status":"closed","ping_status":"closed","sticky":false,"template":"","format":"standard","meta":{"footnotes":""},"categories":[13,1261],"tags":[911,1013,1130],"class_list":["post-19002","post","type-post","status-publish","format-standard","hentry","category-ecritures","category-enseignement-2","tag-sabbat","tag-st-barnabe","tag-temple"],"_links":{"self":[{"href":"https:\/\/www.associationdemarie.org\/blog\/wp-json\/wp\/v2\/posts\/19002","targetHints":{"allow":["GET"]}}],"collection":[{"href":"https:\/\/www.associationdemarie.org\/blog\/wp-json\/wp\/v2\/posts"}],"about":[{"href":"https:\/\/www.associationdemarie.org\/blog\/wp-json\/wp\/v2\/types\/post"}],"author":[{"embeddable":true,"href":"https:\/\/www.associationdemarie.org\/blog\/wp-json\/wp\/v2\/users\/2"}],"replies":[{"embeddable":true,"href":"https:\/\/www.associationdemarie.org\/blog\/wp-json\/wp\/v2\/comments?post=19002"}],"version-history":[{"count":1,"href":"https:\/\/www.associationdemarie.org\/blog\/wp-json\/wp\/v2\/posts\/19002\/revisions"}],"predecessor-version":[{"id":19004,"href":"https:\/\/www.associationdemarie.org\/blog\/wp-json\/wp\/v2\/posts\/19002\/revisions\/19004"}],"wp:attachment":[{"href":"https:\/\/www.associationdemarie.org\/blog\/wp-json\/wp\/v2\/media?parent=19002"}],"wp:term":[{"taxonomy":"category","embeddable":true,"href":"https:\/\/www.associationdemarie.org\/blog\/wp-json\/wp\/v2\/categories?post=19002"},{"taxonomy":"post_tag","embeddable":true,"href":"https:\/\/www.associationdemarie.org\/blog\/wp-json\/wp\/v2\/tags?post=19002"}],"curies":[{"name":"wp","href":"https:\/\/api.w.org\/{rel}","templated":true}]}}