{"id":190,"date":"2009-04-09T20:09:11","date_gmt":"2009-04-09T20:09:11","guid":{"rendered":"http:\/\/preprod.meltem-int.com\/marie\/blog\/?p=190"},"modified":"2009-04-09T20:09:11","modified_gmt":"2009-04-09T20:09:11","slug":"jeudi-saint","status":"publish","type":"post","link":"https:\/\/www.associationdemarie.org\/blog\/jeudi-saint\/","title":{"rendered":"Jeudi Saint"},"content":{"rendered":"<p><img loading=\"lazy\" decoding=\"async\" class=\"alignleft size-medium wp-image-189\" title=\"C\u00e8ne\" src=\"https:\/\/www.associationdemarie.org\/blog\/wp-content\/uploads\/2009\/05\/cene-300x213.jpg\" alt=\"C\u00e8ne\" width=\"300\" height=\"213\" srcset=\"https:\/\/www.associationdemarie.org\/blog\/wp-content\/uploads\/2009\/05\/cene-300x213.jpg 300w, https:\/\/www.associationdemarie.org\/blog\/wp-content\/uploads\/2009\/05\/cene.jpg 376w\" sizes=\"auto, (max-width: 300px) 100vw, 300px\" \/>\u00a0\u00bb La nuit m\u00eame o\u00f9 Il \u00e9tait livr\u00e9, le Seigneur prit du pain .\u00a0\u00bb 1 Corinthiens, 11-23<\/p>\n<p>Le Jeudi Saint annonce la fin du Car\u00eame et l&rsquo;entr\u00e9e dans le myst\u00e8re de P\u00e2ques. La messe du soir, \u00e0 laquelle tous les chr\u00e9tiens sont invit\u00e9s, comm\u00e9more le dernier repas, ou C\u00e8ne, que J\u00e9sus a pris avec Ses disciples au seuil de la nuit o\u00f9 il devait \u00eatre livr\u00e9.<\/p>\n<p>J\u00e9sus institue, ce soir l\u00e0, l&rsquo;eucharistie. Il annonce que Sa Pr\u00e9sence demeure vivante dans le Sacrement de Son Corps et de Son Sang.<br \/>\nCe soir l\u00e0, au cours de ce m\u00eame repas, J\u00e9sus lave les pieds de Ses disciples. Il s&rsquo;agenouille devant chacun des douze, leur t\u00e9moignant ainsi la tendresse qu&rsquo;Il a pour eux. Ce geste du lavement des pieds est repris durant la messe du Jeudi Saint. Il signifie que nous devons tous \u00eatre serviteurs des autres.<\/p>\n<p>\u00ab\u00a0Alors n\u2019h\u00e9sitez pas et ouvrez la porte de la Maison de mon Fils, venez vous agenouiller, venez prier, venez vous r\u00e9concilier avec Lui et venez recevoir Son corps, ce corps que je vous demande de ne pas toucher avec les mains ; c\u2019est le corps de mon Fils, seuls les \u00e9lus de mon Fils en Son Eglise peuvent toucher Son Corps. N\u2019oubliez pas, venez vous r\u00e9concilier aupr\u00e8s de mon Fils et prendre Son Corps ; Il r\u00e9chauffera vos entrailles et vous permettra d\u2019aller toujours au-del\u00e0 de vos esp\u00e9rances.\u00a0\u00bb<\/p>\n<p>Marie M\u00e8re des hommes &#8211; d\u00e9cembre 1996<\/p>\n","protected":false},"excerpt":{"rendered":"<p>\u00a0\u00bb La nuit m\u00eame o\u00f9 Il \u00e9tait livr\u00e9, le Seigneur prit du pain .\u00a0\u00bb 1 Corinthiens, 11-23 Le Jeudi Saint annonce la fin du Car\u00eame et l&rsquo;entr\u00e9e dans le myst\u00e8re de P\u00e2ques. La messe du soir, \u00e0 laquelle tous les chr\u00e9tiens sont invit\u00e9s, comm\u00e9more le dernier repas, ou C\u00e8ne, que J\u00e9sus a pris avec Ses [&hellip;]<\/p>\n","protected":false},"author":2,"featured_media":0,"comment_status":"closed","ping_status":"closed","sticky":false,"template":"","format":"standard","meta":{"footnotes":""},"categories":[7,13,19],"tags":[],"class_list":["post-190","post","type-post","status-publish","format-standard","hentry","category-careme-2009","category-ecritures","category-messages"],"_links":{"self":[{"href":"https:\/\/www.associationdemarie.org\/blog\/wp-json\/wp\/v2\/posts\/190","targetHints":{"allow":["GET"]}}],"collection":[{"href":"https:\/\/www.associationdemarie.org\/blog\/wp-json\/wp\/v2\/posts"}],"about":[{"href":"https:\/\/www.associationdemarie.org\/blog\/wp-json\/wp\/v2\/types\/post"}],"author":[{"embeddable":true,"href":"https:\/\/www.associationdemarie.org\/blog\/wp-json\/wp\/v2\/users\/2"}],"replies":[{"embeddable":true,"href":"https:\/\/www.associationdemarie.org\/blog\/wp-json\/wp\/v2\/comments?post=190"}],"version-history":[{"count":0,"href":"https:\/\/www.associationdemarie.org\/blog\/wp-json\/wp\/v2\/posts\/190\/revisions"}],"wp:attachment":[{"href":"https:\/\/www.associationdemarie.org\/blog\/wp-json\/wp\/v2\/media?parent=190"}],"wp:term":[{"taxonomy":"category","embeddable":true,"href":"https:\/\/www.associationdemarie.org\/blog\/wp-json\/wp\/v2\/categories?post=190"},{"taxonomy":"post_tag","embeddable":true,"href":"https:\/\/www.associationdemarie.org\/blog\/wp-json\/wp\/v2\/tags?post=190"}],"curies":[{"name":"wp","href":"https:\/\/api.w.org\/{rel}","templated":true}]}}