{"id":18987,"date":"2020-07-13T01:19:52","date_gmt":"2020-07-13T00:19:52","guid":{"rendered":"http:\/\/www.associationdemarie.org\/blog\/?p=18987"},"modified":"2020-06-22T09:22:23","modified_gmt":"2020-06-22T08:22:23","slug":"celui-qui-donnera-a-boire-a-lun-de-ces-petits-en-sa-qualite-de-disciple-ne-perdra-pas-sa-recompense","status":"publish","type":"post","link":"https:\/\/www.associationdemarie.org\/blog\/celui-qui-donnera-a-boire-a-lun-de-ces-petits-en-sa-qualite-de-disciple-ne-perdra-pas-sa-recompense\/","title":{"rendered":"\u00ab Celui qui donnera \u00e0 boire&#8230;\u00e0 l&rsquo;un de ces petits en sa qualit\u00e9 de disciple&#8230;ne perdra pas sa r\u00e9compense. \u00bb"},"content":{"rendered":"<p><img loading=\"lazy\" decoding=\"async\" class=\"aligncenter  wp-image-18988\" src=\"https:\/\/www.associationdemarie.org\/blog\/wp-content\/uploads\/2020\/06\/Jesus_mt-10-37-42_1-1315x1440.jpg\" alt=\"\" width=\"317\" height=\"347\" srcset=\"https:\/\/www.associationdemarie.org\/blog\/wp-content\/uploads\/2020\/06\/Jesus_mt-10-37-42_1-1315x1440.jpg 1315w, https:\/\/www.associationdemarie.org\/blog\/wp-content\/uploads\/2020\/06\/Jesus_mt-10-37-42_1-1315x1440-274x300.jpg 274w, https:\/\/www.associationdemarie.org\/blog\/wp-content\/uploads\/2020\/06\/Jesus_mt-10-37-42_1-1315x1440-768x841.jpg 768w, https:\/\/www.associationdemarie.org\/blog\/wp-content\/uploads\/2020\/06\/Jesus_mt-10-37-42_1-1315x1440-935x1024.jpg 935w\" sizes=\"auto, (max-width: 317px) 100vw, 317px\" \/><\/p>\n<p>Voici que \u00ab je confie ma vie au Dieu fid\u00e8le \u00bb (1P 4,19) pour qui \u00ab je m&rsquo;acquitte d&rsquo;une mission \u00bb (Ep 6,20) malgr\u00e9 ma bassesse, car il ne fait pas acception de personne et m&rsquo;a choisi pour ce service, afin que je sois son serviteur, \u00ab un des plus petits d&rsquo;entre les siens \u00bb (Mt 25,40). \u00ab Comment lui rendrai-je tous ses bienfaits envers moi ? \u00bb (Ps 115,12) Mais que puis-je dire ou promettre \u00e0 mon Seigneur, vu que je n&rsquo;ai pas d&rsquo;autres capacit\u00e9s que celles que lui-m\u00eame m&rsquo;a donn\u00e9es ? (&#8230;)<\/p>\n<p>Que, par la volont\u00e9 de mon Dieu, jamais il ne m&rsquo;arrive de \u00ab perdre le peuple qu&rsquo;il s&rsquo;est acquis \u00bb \u00e0 l&rsquo;extr\u00e9mit\u00e9 de la terre ! (Is 43,21) Je prie Dieu de me donner la pers\u00e9v\u00e9rance et de bien vouloir que je lui rende un t\u00e9moignage fid\u00e8le \u00e0 cause de mon Dieu, jusqu&rsquo;\u00e0 mon d\u00e9part. S&rsquo;il m&rsquo;est arriv\u00e9 de r\u00e9aliser quelque \u0153uvre bonne pour mon Dieu que j&rsquo;aime, je lui demande de m&rsquo;accorder de verser mon sang avec ces \u00e9trangers et ces captifs, en l&rsquo;honneur de son nom, (&#8230;) J&rsquo;ai l&rsquo;assurance que si cela m&rsquo;arrivait je gagnerais comme r\u00e9compense mon \u00e2me avec mon corps, car en ce jour-l\u00e0 nous ressusciterons sans aucun doute dans la clart\u00e9 du soleil, c&rsquo;est-\u00e0-dire dans la gloire du Christ J\u00e9sus, notre R\u00e9dempteur. (&#8230;)<\/p>\n<p>J&rsquo;adresse une pri\u00e8re aux hommes croyants et craignant Dieu qui daigneront accueillir cet \u00e9crit que Patrick, un p\u00e9cheur vraiment ignorant, a compos\u00e9 en Irlande : si j&rsquo;ai fait ou expos\u00e9 quelque petite chose selon le bon plaisir de Dieu, que nul ne dise que c&rsquo;est l&rsquo;ignorant que je suis qui l&rsquo;a faite, mais pensez \u2014 et que l&rsquo;on tienne pour tout \u00e0 fait certain \u2014 que cela a \u00e9t\u00e9 un don de Dieu. Ceci est ma confession avant que je ne meure<\/p>\n<h3 class=\"GospelCommentaryAuthor-name commentary-author font-2\">Saint Patrick (v. 385-v. 461)<\/h3>\n<p>&nbsp;<\/p>\n<p>&nbsp;<\/p>\n<p>&nbsp;<\/p>\n","protected":false},"excerpt":{"rendered":"<p>Voici que \u00ab je confie ma vie au Dieu fid\u00e8le \u00bb (1P 4,19) pour qui \u00ab je m&rsquo;acquitte d&rsquo;une mission \u00bb (Ep 6,20) malgr\u00e9 ma bassesse, car il ne fait pas acception de personne et m&rsquo;a choisi pour ce service, afin que je sois son serviteur, \u00ab un des plus petits d&rsquo;entre les siens \u00bb [&hellip;]<\/p>\n","protected":false},"author":2,"featured_media":0,"comment_status":"closed","ping_status":"closed","sticky":false,"template":"","format":"standard","meta":{"footnotes":""},"categories":[13,1261,28],"tags":[203,1282],"class_list":["post-18987","post","type-post","status-publish","format-standard","hentry","category-ecritures","category-enseignement-2","category-saints-et-saintes","tag-charite","tag-st-patrick"],"_links":{"self":[{"href":"https:\/\/www.associationdemarie.org\/blog\/wp-json\/wp\/v2\/posts\/18987","targetHints":{"allow":["GET"]}}],"collection":[{"href":"https:\/\/www.associationdemarie.org\/blog\/wp-json\/wp\/v2\/posts"}],"about":[{"href":"https:\/\/www.associationdemarie.org\/blog\/wp-json\/wp\/v2\/types\/post"}],"author":[{"embeddable":true,"href":"https:\/\/www.associationdemarie.org\/blog\/wp-json\/wp\/v2\/users\/2"}],"replies":[{"embeddable":true,"href":"https:\/\/www.associationdemarie.org\/blog\/wp-json\/wp\/v2\/comments?post=18987"}],"version-history":[{"count":1,"href":"https:\/\/www.associationdemarie.org\/blog\/wp-json\/wp\/v2\/posts\/18987\/revisions"}],"predecessor-version":[{"id":18989,"href":"https:\/\/www.associationdemarie.org\/blog\/wp-json\/wp\/v2\/posts\/18987\/revisions\/18989"}],"wp:attachment":[{"href":"https:\/\/www.associationdemarie.org\/blog\/wp-json\/wp\/v2\/media?parent=18987"}],"wp:term":[{"taxonomy":"category","embeddable":true,"href":"https:\/\/www.associationdemarie.org\/blog\/wp-json\/wp\/v2\/categories?post=18987"},{"taxonomy":"post_tag","embeddable":true,"href":"https:\/\/www.associationdemarie.org\/blog\/wp-json\/wp\/v2\/tags?post=18987"}],"curies":[{"name":"wp","href":"https:\/\/api.w.org\/{rel}","templated":true}]}}