{"id":18984,"date":"2020-07-12T01:04:06","date_gmt":"2020-07-12T00:04:06","guid":{"rendered":"http:\/\/www.associationdemarie.org\/blog\/?p=18984"},"modified":"2020-06-22T09:16:30","modified_gmt":"2020-06-22T08:16:30","slug":"lhomme-qui-entend-la-parole-et-la-comprend-porte-du-fruit-a-raison-de-cent-ou-soixante-ou-trente-pour-un","status":"publish","type":"post","link":"https:\/\/www.associationdemarie.org\/blog\/lhomme-qui-entend-la-parole-et-la-comprend-porte-du-fruit-a-raison-de-cent-ou-soixante-ou-trente-pour-un\/","title":{"rendered":"\u00ab L\u2019homme qui entend la Parole et la comprend porte du fruit \u00e0 raison de cent, ou soixante, ou trente pour un. \u00bb"},"content":{"rendered":"<p><img loading=\"lazy\" decoding=\"async\" class=\"aligncenter wp-image-18985\" src=\"https:\/\/www.associationdemarie.org\/blog\/wp-content\/uploads\/2020\/06\/pusteblume.jpg\" alt=\"\" width=\"349\" height=\"349\" srcset=\"https:\/\/www.associationdemarie.org\/blog\/wp-content\/uploads\/2020\/06\/pusteblume.jpg 1000w, https:\/\/www.associationdemarie.org\/blog\/wp-content\/uploads\/2020\/06\/pusteblume-150x150.jpg 150w, https:\/\/www.associationdemarie.org\/blog\/wp-content\/uploads\/2020\/06\/pusteblume-300x300.jpg 300w, https:\/\/www.associationdemarie.org\/blog\/wp-content\/uploads\/2020\/06\/pusteblume-768x768.jpg 768w\" sizes=\"auto, (max-width: 349px) 100vw, 349px\" \/><\/p>\n<p>Toute l&rsquo;\u00e9vang\u00e9lisation est fond\u00e9e sur la Parole de Dieu, \u00e9cout\u00e9e, m\u00e9dit\u00e9e, v\u00e9cue, c\u00e9l\u00e9br\u00e9e et t\u00e9moign\u00e9e. La Sainte \u00c9criture est source de l&rsquo;\u00e9vang\u00e9lisation. Par cons\u00e9quent, il faut se former continuellement \u00e0 l&rsquo;\u00e9coute de la Parole. L&rsquo;\u00c9glise n&rsquo;\u00e9vang\u00e9lise pas si elle ne se laisse pas continuellement \u00e9vang\u00e9liser. Il est indispensable que la Parole de Dieu \u00ab devienne toujours plus le c\u0153ur de toute activit\u00e9 eccl\u00e9siale \u00bb (Beno\u00eet XVI). La Parole de Dieu \u00e9cout\u00e9e et c\u00e9l\u00e9br\u00e9e, surtout dans l&rsquo;eucharistie, alimente et fortifie int\u00e9rieurement les chr\u00e9tiens et les rend capables d&rsquo;un authentique t\u00e9moignage \u00e9vang\u00e9lique dans la vie quotidienne. Nous avons d\u00e9sormais d\u00e9pass\u00e9 l&rsquo;ancienne opposition entre Parole et sacrement. La Parole proclam\u00e9e, vivante et efficace, pr\u00e9pare \u00e0 la r\u00e9ception du sacrement et dans le sacrement cette Parole atteint son efficacit\u00e9 maximale.<\/p>\n<p>L&rsquo;\u00e9tude de la Sainte \u00c9criture doit \u00eatre une porte ouverte \u00e0 tous les croyants. Il est fondamental que la Parole r\u00e9v\u00e9l\u00e9e f\u00e9conde radicalement la cat\u00e9ch\u00e8se et tous les efforts pour transmettre la foi. L&rsquo;\u00e9vang\u00e9lisation demande la familiarit\u00e9 avec la Parole de Dieu et cela exige que les dioc\u00e8ses, les paroisses et tous les groupements catholiques proposent une \u00e9tude s\u00e9rieuse et pers\u00e9v\u00e9rante de la Bible, et aussi en encouragent la lecture priante personnelle et communautaire. Nous ne cherchons pas \u00e0 t\u00e2tons dans l&rsquo;obscurit\u00e9, nous ne devons pas non plus attendre que Dieu nous adresse la parole, parce que r\u00e9ellement \u00ab Dieu a parl\u00e9, il n&rsquo;est plus le grand inconnu mais il s&rsquo;est montr\u00e9 lui-m\u00eame \u00bb (Beno\u00eet XVI). Accueillons le tr\u00e9sor sublime de la Parole r\u00e9v\u00e9l\u00e9e<\/p>\n<h3 class=\"GospelCommentaryAuthor-name commentary-author font-2\">Pape Fran\u00e7ois<\/h3>\n<p>&nbsp;<\/p>\n<p>&nbsp;<\/p>\n<p>&nbsp;<\/p>\n","protected":false},"excerpt":{"rendered":"<p>Toute l&rsquo;\u00e9vang\u00e9lisation est fond\u00e9e sur la Parole de Dieu, \u00e9cout\u00e9e, m\u00e9dit\u00e9e, v\u00e9cue, c\u00e9l\u00e9br\u00e9e et t\u00e9moign\u00e9e. La Sainte \u00c9criture est source de l&rsquo;\u00e9vang\u00e9lisation. Par cons\u00e9quent, il faut se former continuellement \u00e0 l&rsquo;\u00e9coute de la Parole. L&rsquo;\u00c9glise n&rsquo;\u00e9vang\u00e9lise pas si elle ne se laisse pas continuellement \u00e9vang\u00e9liser. Il est indispensable que la Parole de Dieu \u00ab devienne [&hellip;]<\/p>\n","protected":false},"author":2,"featured_media":0,"comment_status":"closed","ping_status":"closed","sticky":false,"template":"","format":"standard","meta":{"footnotes":""},"categories":[13],"tags":[149,1382,387,761],"class_list":["post-18984","post","type-post","status-publish","format-standard","hentry","category-ecritures","tag-bible","tag-ecritures","tag-evangelisation","tag-pape-francois"],"_links":{"self":[{"href":"https:\/\/www.associationdemarie.org\/blog\/wp-json\/wp\/v2\/posts\/18984","targetHints":{"allow":["GET"]}}],"collection":[{"href":"https:\/\/www.associationdemarie.org\/blog\/wp-json\/wp\/v2\/posts"}],"about":[{"href":"https:\/\/www.associationdemarie.org\/blog\/wp-json\/wp\/v2\/types\/post"}],"author":[{"embeddable":true,"href":"https:\/\/www.associationdemarie.org\/blog\/wp-json\/wp\/v2\/users\/2"}],"replies":[{"embeddable":true,"href":"https:\/\/www.associationdemarie.org\/blog\/wp-json\/wp\/v2\/comments?post=18984"}],"version-history":[{"count":1,"href":"https:\/\/www.associationdemarie.org\/blog\/wp-json\/wp\/v2\/posts\/18984\/revisions"}],"predecessor-version":[{"id":18986,"href":"https:\/\/www.associationdemarie.org\/blog\/wp-json\/wp\/v2\/posts\/18984\/revisions\/18986"}],"wp:attachment":[{"href":"https:\/\/www.associationdemarie.org\/blog\/wp-json\/wp\/v2\/media?parent=18984"}],"wp:term":[{"taxonomy":"category","embeddable":true,"href":"https:\/\/www.associationdemarie.org\/blog\/wp-json\/wp\/v2\/categories?post=18984"},{"taxonomy":"post_tag","embeddable":true,"href":"https:\/\/www.associationdemarie.org\/blog\/wp-json\/wp\/v2\/tags?post=18984"}],"curies":[{"name":"wp","href":"https:\/\/api.w.org\/{rel}","templated":true}]}}