{"id":18981,"date":"2020-07-11T01:11:43","date_gmt":"2020-07-11T00:11:43","guid":{"rendered":"http:\/\/www.associationdemarie.org\/blog\/?p=18981"},"modified":"2020-06-20T07:14:47","modified_gmt":"2020-06-20T06:14:47","slug":"saint-benoit-un-modele-pour-aujourdhui","status":"publish","type":"post","link":"https:\/\/www.associationdemarie.org\/blog\/saint-benoit-un-modele-pour-aujourdhui\/","title":{"rendered":"Saint Beno\u00eet, un mod\u00e8le pour aujourd&rsquo;hui"},"content":{"rendered":"<p><img loading=\"lazy\" decoding=\"async\" class=\"aligncenter  wp-image-18982\" src=\"https:\/\/www.associationdemarie.org\/blog\/wp-content\/uploads\/2020\/06\/Benoit.jpg\" alt=\"\" width=\"298\" height=\"418\" \/><\/p>\n<p>[Selon la R\u00e8gle de saint Beno\u00eet], pour \u00eatre en mesure de d\u00e9cider de mani\u00e8re responsable, l&rsquo;abb\u00e9 du monast\u00e8re doit \u00eatre une personne qui \u00e9coute \u00ab les avis de ses fr\u00e8res \u00bb, car \u00ab souvent Dieu r\u00e9v\u00e8le \u00e0 un fr\u00e8re plus jeune ce qui est le mieux \u00bb (ch. 3). Cette disposition rend \u00e9tonnamment moderne une R\u00e8gle \u00e9crite il y a presque quinze si\u00e8cles ! Un homme de responsabilit\u00e9 publique, m\u00eame \u00e0 une petite \u00e9chelle, doit toujours \u00eatre \u00e9galement un homme qui sait \u00e9couter et qui sait apprendre de ce qu&rsquo;il \u00e9coute. (&#8230;)<\/p>\n<p>Cette R\u00e8gle propose des indications utiles non seulement aux moines, mais \u00e9galement \u00e0 tous ceux qui cherchent un guide sur leur chemin vers Dieu. Par sa mod\u00e9ration, son humanit\u00e9 et son sobre discernement entre ce qui est essentiel et ce qui est secondaire dans la vie spirituelle, elle a pu conserver sa force illuminatrice jusqu&rsquo;\u00e0 aujourd&rsquo;hui. Le pape Paul VI, en proclamant Beno\u00eet saint patron de l&rsquo;Europe (&#8230;), voulut reconna\u00eetre l&rsquo;\u0153uvre merveilleuse accomplie par le saint \u00e0 travers la R\u00e8gle pour la formation de la civilisation et de la culture europ\u00e9enne.<\/p>\n<p>Aujourd&rsquo;hui, l&rsquo;Europe \u2014 \u00e0 peine sortie d&rsquo;un si\u00e8cle profond\u00e9ment bless\u00e9 par deux guerres mondiales et apr\u00e8s l&rsquo;effondrement des grandes id\u00e9ologies qui se sont r\u00e9v\u00e9l\u00e9es de tragiques utopies \u2014 est \u00e0 la recherche de son identit\u00e9. Pour cr\u00e9er une unit\u00e9 nouvelle et durable, les instruments politiques, \u00e9conomiques et juridiques sont assur\u00e9ment importants, mais il faut \u00e9galement susciter un renouveau \u00e9thique et spirituel qui puise aux racines chr\u00e9tiennes du continent. Autrement l&rsquo;Europe ne pourra pas se reconstruire. Sans cette s\u00e8ve vitale, l&rsquo;homme reste expos\u00e9 au danger de succomber \u00e0 sa vieille tentation de vouloir se racheter tout seul. C&rsquo;est l\u00e0 une utopie qui, de diverses fa\u00e7ons, a caus\u00e9 dans l&rsquo;Europe du vingti\u00e8me si\u00e8cle, comme l&rsquo;a remarqu\u00e9 le pape Jean-Paul II, \u00ab un r\u00e9gression sans pr\u00e9c\u00e9dent dans l&rsquo;histoire tourment\u00e9e de l&rsquo;humanit\u00e9 \u00bb. En recherchant le vrai progr\u00e8s, \u00e9coutons encore aujourd&rsquo;hui la R\u00e8gle de saint Beno\u00eet comme une lumi\u00e8re pour notre chemin. Le grand moine demeure un v\u00e9ritable ma\u00eetre, et \u00e0 son \u00e9cole nous pouvons apprendre l&rsquo;art de vivre le v\u00e9ritable humanisme<\/p>\n<h2 class=\"GospelLiturgy-title font-2 liturgic_title ng-star-inserted\">F\u00eate de saint Beno\u00eet, abb\u00e9, patron de l&rsquo;Europe<\/h2>\n<p>&nbsp;<\/p>\n","protected":false},"excerpt":{"rendered":"<p>[Selon la R\u00e8gle de saint Beno\u00eet], pour \u00eatre en mesure de d\u00e9cider de mani\u00e8re responsable, l&rsquo;abb\u00e9 du monast\u00e8re doit \u00eatre une personne qui \u00e9coute \u00ab les avis de ses fr\u00e8res \u00bb, car \u00ab souvent Dieu r\u00e9v\u00e8le \u00e0 un fr\u00e8re plus jeune ce qui est le mieux \u00bb (ch. 3). Cette disposition rend \u00e9tonnamment moderne une [&hellip;]<\/p>\n","protected":false},"author":2,"featured_media":0,"comment_status":"closed","ping_status":"closed","sticky":false,"template":"","format":"standard","meta":{"footnotes":""},"categories":[28],"tags":[142,386,1016],"class_list":["post-18981","post","type-post","status-publish","format-standard","hentry","category-saints-et-saintes","tag-benoit-16","tag-europe","tag-st-benoit"],"_links":{"self":[{"href":"https:\/\/www.associationdemarie.org\/blog\/wp-json\/wp\/v2\/posts\/18981","targetHints":{"allow":["GET"]}}],"collection":[{"href":"https:\/\/www.associationdemarie.org\/blog\/wp-json\/wp\/v2\/posts"}],"about":[{"href":"https:\/\/www.associationdemarie.org\/blog\/wp-json\/wp\/v2\/types\/post"}],"author":[{"embeddable":true,"href":"https:\/\/www.associationdemarie.org\/blog\/wp-json\/wp\/v2\/users\/2"}],"replies":[{"embeddable":true,"href":"https:\/\/www.associationdemarie.org\/blog\/wp-json\/wp\/v2\/comments?post=18981"}],"version-history":[{"count":1,"href":"https:\/\/www.associationdemarie.org\/blog\/wp-json\/wp\/v2\/posts\/18981\/revisions"}],"predecessor-version":[{"id":18983,"href":"https:\/\/www.associationdemarie.org\/blog\/wp-json\/wp\/v2\/posts\/18981\/revisions\/18983"}],"wp:attachment":[{"href":"https:\/\/www.associationdemarie.org\/blog\/wp-json\/wp\/v2\/media?parent=18981"}],"wp:term":[{"taxonomy":"category","embeddable":true,"href":"https:\/\/www.associationdemarie.org\/blog\/wp-json\/wp\/v2\/categories?post=18981"},{"taxonomy":"post_tag","embeddable":true,"href":"https:\/\/www.associationdemarie.org\/blog\/wp-json\/wp\/v2\/tags?post=18981"}],"curies":[{"name":"wp","href":"https:\/\/api.w.org\/{rel}","templated":true}]}}