{"id":18962,"date":"2020-07-05T01:35:20","date_gmt":"2020-07-05T00:35:20","guid":{"rendered":"http:\/\/www.associationdemarie.org\/blog\/?p=18962"},"modified":"2020-06-14T07:38:29","modified_gmt":"2020-06-14T06:38:29","slug":"devenir-lempreinte-du-royaume-de-dieu","status":"publish","type":"post","link":"https:\/\/www.associationdemarie.org\/blog\/devenir-lempreinte-du-royaume-de-dieu\/","title":{"rendered":"Devenir l\u2019empreinte du Royaume de Dieu"},"content":{"rendered":"<p><img loading=\"lazy\" decoding=\"async\" class=\"aligncenter  wp-image-18963\" src=\"https:\/\/www.associationdemarie.org\/blog\/wp-content\/uploads\/2020\/06\/pothier-faconne05.jpg\" alt=\"\" width=\"445\" height=\"229\" srcset=\"https:\/\/www.associationdemarie.org\/blog\/wp-content\/uploads\/2020\/06\/pothier-faconne05.jpg 600w, https:\/\/www.associationdemarie.org\/blog\/wp-content\/uploads\/2020\/06\/pothier-faconne05-300x155.jpg 300w\" sizes=\"auto, (max-width: 445px) 100vw, 445px\" \/><\/p>\n<p>Il est dit : Sur qui me reposerai-je, sinon sur celui qui est doux et humble et qui craint mes paroles ? \u00bb (Is 66,2 LXX) D\u2019o\u00f9 il est clair que le Royaume de Dieu le P\u00e8re appartient aux humbles et aux doux. Il est dit en effet : \u00ab Bienheureux les doux, car ils h\u00e9riteront la terre \u00bb (Mt 5,4). (&#8230;)<\/p>\n<p>La terre, c\u2019est l\u2019\u00e9tat et la puissance fermes et tout \u00e0 fait immuables suscit\u00e9s par la beaut\u00e9 et la droiture des doux, car elle est toujours avec le Seigneur, elle porte une joie incessante, elle a conquis le Royaume pr\u00e9par\u00e9 d\u00e8s l\u2019origine et elle a \u00e9t\u00e9 rendu digne du lieu et de l\u2019ordre du ciel, telle une terre dont la place au milieu de l\u2019univers est la raison de la vertu, selon laquelle l\u2019homme doux qui est au milieu, entre la louange et la diffamation, demeure impassible, ni enfl\u00e9 par les louanges, ni attrist\u00e9 par les diffamations. Car apr\u00e8s avoir repouss\u00e9 le d\u00e9sir de ces choses dont elle est affranchie par nature, la raison ne sent pas leurs attaques quand elles la troublent : elle s\u2019est repos\u00e9e de leur agitation et elle a transport\u00e9 toute la puissance de l\u2019\u00e2me dans le port de la libert\u00e9 divine d\u00e9gag\u00e9e de toute action, cette libert\u00e9 que le Seigneur d\u00e9sirait transmettre \u00e0 ses disciples. Il dit : \u00ab Chargez-vous de mon joug, apprenez de moi que je suis doux et humble de c\u0153ur, et vous trouverez le repos pour vos \u00e2mes \u00bb (Mt 11,29). Il appelle repos la puissance du Royaume divin, cette puissance qui suscite en ceux qui sont dignes une souverainet\u00e9 d\u00e9gag\u00e9e de toute servitude.<\/p>\n<p>Or si la puissance indestructible du Royaume \u00e0 l\u2019\u00e9tat pur est donn\u00e9e aux humbles et aux doux, qui serait \u00e0 ce point sans amour et sans nul d\u00e9sir des biens divins pour ne pas tendre \u00e0 l\u2019extr\u00eame vers l\u2019humilit\u00e9 et la douceur, afin de devenir l\u2019empreinte du Royaume de Dieu, autant qu\u2019il est possible \u00e0 l\u2019homme, en portant en lui ce qui, par la gr\u00e2ce, lui donne une forme spirituelle semblable \u00e0 celle du Christ, lequel, en v\u00e9rit\u00e9, est naturellement par essence le grand Roi<\/p>\n<h3 class=\"GospelCommentaryAuthor-name commentary-author font-2\">Saint Maxime le Confesseur (v. 580-662)<\/h3>\n<p>&nbsp;<\/p>\n<p>&nbsp;<\/p>\n<p>&nbsp;<\/p>\n<p>&nbsp;<\/p>\n","protected":false},"excerpt":{"rendered":"<p>Il est dit : Sur qui me reposerai-je, sinon sur celui qui est doux et humble et qui craint mes paroles ? \u00bb (Is 66,2 LXX) D\u2019o\u00f9 il est clair que le Royaume de Dieu le P\u00e8re appartient aux humbles et aux doux. Il est dit en effet : \u00ab Bienheureux les doux, car ils [&hellip;]<\/p>\n","protected":false},"author":2,"featured_media":0,"comment_status":"closed","ping_status":"closed","sticky":false,"template":"","format":"standard","meta":{"footnotes":""},"categories":[13,1261],"tags":[907,1520],"class_list":["post-18962","post","type-post","status-publish","format-standard","hentry","category-ecritures","category-enseignement-2","tag-royaume-des-cieux","tag-st-maxime-le-confesseur"],"_links":{"self":[{"href":"https:\/\/www.associationdemarie.org\/blog\/wp-json\/wp\/v2\/posts\/18962","targetHints":{"allow":["GET"]}}],"collection":[{"href":"https:\/\/www.associationdemarie.org\/blog\/wp-json\/wp\/v2\/posts"}],"about":[{"href":"https:\/\/www.associationdemarie.org\/blog\/wp-json\/wp\/v2\/types\/post"}],"author":[{"embeddable":true,"href":"https:\/\/www.associationdemarie.org\/blog\/wp-json\/wp\/v2\/users\/2"}],"replies":[{"embeddable":true,"href":"https:\/\/www.associationdemarie.org\/blog\/wp-json\/wp\/v2\/comments?post=18962"}],"version-history":[{"count":1,"href":"https:\/\/www.associationdemarie.org\/blog\/wp-json\/wp\/v2\/posts\/18962\/revisions"}],"predecessor-version":[{"id":18964,"href":"https:\/\/www.associationdemarie.org\/blog\/wp-json\/wp\/v2\/posts\/18962\/revisions\/18964"}],"wp:attachment":[{"href":"https:\/\/www.associationdemarie.org\/blog\/wp-json\/wp\/v2\/media?parent=18962"}],"wp:term":[{"taxonomy":"category","embeddable":true,"href":"https:\/\/www.associationdemarie.org\/blog\/wp-json\/wp\/v2\/categories?post=18962"},{"taxonomy":"post_tag","embeddable":true,"href":"https:\/\/www.associationdemarie.org\/blog\/wp-json\/wp\/v2\/tags?post=18962"}],"curies":[{"name":"wp","href":"https:\/\/api.w.org\/{rel}","templated":true}]}}