{"id":18917,"date":"2020-06-21T01:16:21","date_gmt":"2020-06-21T00:16:21","guid":{"rendered":"http:\/\/www.associationdemarie.org\/blog\/?p=18917"},"modified":"2020-05-31T06:19:18","modified_gmt":"2020-05-31T05:19:18","slug":"ce-que-vous-entendez-dans-le-creux-de-loreille-proclamez-le-sur-les-toits","status":"publish","type":"post","link":"https:\/\/www.associationdemarie.org\/blog\/ce-que-vous-entendez-dans-le-creux-de-loreille-proclamez-le-sur-les-toits\/","title":{"rendered":"\u00ab Ce que vous entendez dans le creux de l&rsquo;oreille, proclamez-le sur les toits ! \u00bb"},"content":{"rendered":"<p><img loading=\"lazy\" decoding=\"async\" class=\"aligncenter  wp-image-18918\" src=\"https:\/\/www.associationdemarie.org\/blog\/wp-content\/uploads\/2020\/05\/ob_6be8cb_web-12e-dimanche-toa-20170625.jpg\" alt=\"\" width=\"339\" height=\"466\" srcset=\"https:\/\/www.associationdemarie.org\/blog\/wp-content\/uploads\/2020\/05\/ob_6be8cb_web-12e-dimanche-toa-20170625.jpg 1164w, https:\/\/www.associationdemarie.org\/blog\/wp-content\/uploads\/2020\/05\/ob_6be8cb_web-12e-dimanche-toa-20170625-218x300.jpg 218w, https:\/\/www.associationdemarie.org\/blog\/wp-content\/uploads\/2020\/05\/ob_6be8cb_web-12e-dimanche-toa-20170625-768x1056.jpg 768w, https:\/\/www.associationdemarie.org\/blog\/wp-content\/uploads\/2020\/05\/ob_6be8cb_web-12e-dimanche-toa-20170625-745x1024.jpg 745w\" sizes=\"auto, (max-width: 339px) 100vw, 339px\" \/><\/p>\n<p>Je n&rsquo;ai pas commenc\u00e9 ce travail de moi-m\u00eame, mais c&rsquo;est le Christ Seigneur qui m&rsquo;a ordonn\u00e9 de venir passer aupr\u00e8s des Irlandais pa\u00efens le reste de mes jours \u2014 si le Seigneur le veut et s&rsquo;il me pr\u00e9serve de toute voie mauvaise. (&#8230;) Mais je n&rsquo;ai pas confiance en moi-m\u00eame \u00ab tant que je demeure dans ce corps de mort \u00bb (2P 1,13 ;Rm 7,24). (&#8230;) Je n&rsquo;ai pas men\u00e9 une vie parfaite comme d&rsquo;autres fid\u00e8les, mais je le confesse \u00e0 mon Seigneur et je ne rougis pas en sa pr\u00e9sence. Car je ne mens pas : depuis que je l&rsquo;ai connu dans ma jeunesse, l&rsquo;amour de Dieu a grandi en moi, ainsi que sa crainte, et jusqu&rsquo;\u00e0 pr\u00e9sent, par la gr\u00e2ce du Seigneur, \u00ab j&rsquo;ai gard\u00e9 la foi \u00bb (2Tm 4,7).<\/p>\n<p>Que rie donc et que m&rsquo;insulte qui voudra ; moi, je ne me tairai pas et je ne cacherai pas \u00ab les signes et les merveilles \u00bb (Dn 6,27) que le Seigneur m&rsquo;a montr\u00e9s, bien des ann\u00e9es avant qu&rsquo;ils ne soient accomplis, lui qui conna\u00eet toutes choses. C&rsquo;est pourquoi je devrais rendre sans cesse gr\u00e2ces \u00e0 Dieu, qui a si souvent pardonn\u00e9 ma sottise et ma n\u00e9gligence, et aussi de ce qu&rsquo;il ne se soit pas une seule fois irrit\u00e9 contre moi, qui ai \u00e9t\u00e9 donn\u00e9 comme \u00e9v\u00eaque. Le Seigneur \u00ab a eu piti\u00e9 \u00bb de moi \u00ab en faveur de milliers et de milliers d&rsquo;hommes \u00bb (Ex 20,6), parce qu&rsquo;il voyait que j&rsquo;\u00e9tais disponible. (&#8230;) En effet nombreux \u00e9taient ceux qui s&rsquo;opposaient \u00e0 cette mission ; ils parlaient m\u00eame entre eux derri\u00e8re mon dos et disaient : \u00ab Pourquoi celui-l\u00e0 se jette-t-il dans une entreprise p\u00e9rilleuse chez des \u00e9trangers qui ne connaissent pas Dieu ? \u00bb Ce n&rsquo;est pas par malice qu&rsquo;ils s&rsquo;exprimaient ainsi ; moi-m\u00eame, je l&rsquo;atteste : c&rsquo;est \u00e0 cause de ma rusticit\u00e9 qu&rsquo;ils ne pouvaient pas comprendre pourquoi j&rsquo;ai \u00e9t\u00e9 nomm\u00e9 \u00e9v\u00eaque. Et moi, je n&rsquo;ai pas \u00e9t\u00e9 prompt \u00e0 reconna\u00eetre la gr\u00e2ce qui \u00e9tait en moi. Maintenant tout cela est devenu clair pour moi.<\/p>\n<p>Maintenant donc j&rsquo;expose simplement \u00e0 mes fr\u00e8res et \u00e0 mes compagnons de service qui m&rsquo;ont cru, pourquoi \u00ab j&rsquo;ai pr\u00each\u00e9 et continue de pr\u00eacher \u00bb (2Co 13,2), en vue de fortifier et de confirmer votre foi. Puissiez-vous ambitionner, vous aussi, des buts plus \u00e9lev\u00e9s et accomplir des \u0153uvres plus excellentes. Ce sera ma gloire, car \u00ab un fils sage est la gloire de son p\u00e8re \u00bb (Pr 10,1)<\/p>\n<h3 class=\"GospelCommentaryAuthor-name commentary-author font-2\">Saint Patrick (v. 385-v. 461)<\/h3>\n<p>&nbsp;<\/p>\n<p>&nbsp;<\/p>\n<p>&nbsp;<\/p>\n<p>&nbsp;<\/p>\n","protected":false},"excerpt":{"rendered":"<p>Je n&rsquo;ai pas commenc\u00e9 ce travail de moi-m\u00eame, mais c&rsquo;est le Christ Seigneur qui m&rsquo;a ordonn\u00e9 de venir passer aupr\u00e8s des Irlandais pa\u00efens le reste de mes jours \u2014 si le Seigneur le veut et s&rsquo;il me pr\u00e9serve de toute voie mauvaise. (&#8230;) Mais je n&rsquo;ai pas confiance en moi-m\u00eame \u00ab tant que je demeure [&hellip;]<\/p>\n","protected":false},"author":2,"featured_media":0,"comment_status":"closed","ping_status":"closed","sticky":false,"template":"","format":"standard","meta":{"footnotes":""},"categories":[13,1261],"tags":[387,1282],"class_list":["post-18917","post","type-post","status-publish","format-standard","hentry","category-ecritures","category-enseignement-2","tag-evangelisation","tag-st-patrick"],"_links":{"self":[{"href":"https:\/\/www.associationdemarie.org\/blog\/wp-json\/wp\/v2\/posts\/18917","targetHints":{"allow":["GET"]}}],"collection":[{"href":"https:\/\/www.associationdemarie.org\/blog\/wp-json\/wp\/v2\/posts"}],"about":[{"href":"https:\/\/www.associationdemarie.org\/blog\/wp-json\/wp\/v2\/types\/post"}],"author":[{"embeddable":true,"href":"https:\/\/www.associationdemarie.org\/blog\/wp-json\/wp\/v2\/users\/2"}],"replies":[{"embeddable":true,"href":"https:\/\/www.associationdemarie.org\/blog\/wp-json\/wp\/v2\/comments?post=18917"}],"version-history":[{"count":1,"href":"https:\/\/www.associationdemarie.org\/blog\/wp-json\/wp\/v2\/posts\/18917\/revisions"}],"predecessor-version":[{"id":18919,"href":"https:\/\/www.associationdemarie.org\/blog\/wp-json\/wp\/v2\/posts\/18917\/revisions\/18919"}],"wp:attachment":[{"href":"https:\/\/www.associationdemarie.org\/blog\/wp-json\/wp\/v2\/media?parent=18917"}],"wp:term":[{"taxonomy":"category","embeddable":true,"href":"https:\/\/www.associationdemarie.org\/blog\/wp-json\/wp\/v2\/categories?post=18917"},{"taxonomy":"post_tag","embeddable":true,"href":"https:\/\/www.associationdemarie.org\/blog\/wp-json\/wp\/v2\/tags?post=18917"}],"curies":[{"name":"wp","href":"https:\/\/api.w.org\/{rel}","templated":true}]}}