{"id":18858,"date":"2020-06-02T01:29:56","date_gmt":"2020-06-02T00:29:56","guid":{"rendered":"http:\/\/www.associationdemarie.org\/blog\/?p=18858"},"modified":"2020-05-12T07:35:30","modified_gmt":"2020-05-12T06:35:30","slug":"en-christ-dieu-nous-fait-passer-de-son-image-a-sa-ressemblance-gn-127","status":"publish","type":"post","link":"https:\/\/www.associationdemarie.org\/blog\/en-christ-dieu-nous-fait-passer-de-son-image-a-sa-ressemblance-gn-127\/","title":{"rendered":"En Christ Dieu nous fait passer de son image \u00e0 sa ressemblance (Gn 1,27)"},"content":{"rendered":"<p><img loading=\"lazy\" decoding=\"async\" class=\"aligncenter size-full wp-image-18859\" src=\"https:\/\/www.associationdemarie.org\/blog\/wp-content\/uploads\/2020\/05\/genese-1-pagina_icono.jpg\" alt=\"\" width=\"420\" height=\"263\" srcset=\"https:\/\/www.associationdemarie.org\/blog\/wp-content\/uploads\/2020\/05\/genese-1-pagina_icono.jpg 420w, https:\/\/www.associationdemarie.org\/blog\/wp-content\/uploads\/2020\/05\/genese-1-pagina_icono-300x188.jpg 300w\" sizes=\"auto, (max-width: 420px) 100vw, 420px\" \/><\/p>\n<p>Pourquoi, homme, te m\u00e9prises-tu tellement, alors que tu es si pr\u00e9cieux pour Dieu\u00a0? Pourquoi, lorsque Dieu t&rsquo;honore par la naissance du Christ en notre chair, te d\u00e9shonores-tu \u00e0 ce point\u00a0? Pourquoi cherches-tu comment tu as \u00e9t\u00e9 fait et ne recherches-tu pas en vue de quoi tu es fait\u00a0? Est-ce que toute cette demeure du monde que tu vois n&rsquo;a pas \u00e9t\u00e9 faite pour toi\u00a0? C&rsquo;est pour toi que la lumi\u00e8re se r\u00e9pand et dissipe les t\u00e9n\u00e8bres, c&rsquo;est pour toi que la nuit est r\u00e9gl\u00e9e, pour toi que le jour est mesur\u00e9\u00a0; pour toi que le ciel rayonne des splendeurs diverses du soleil, de la lune et des \u00e9toiles\u00a0; pour toi que la terre est \u00e9maill\u00e9e de fleurs, d&rsquo;arbres et de fruits\u00a0; pour toi que cette foule \u00e9tonnante d&rsquo;animaux a \u00e9t\u00e9 cr\u00e9\u00e9e, dans l&rsquo;air, dans les champs, dans l&rsquo;eau si belle, pour qu&rsquo;une lugubre solitude ne g\u00e2te pas la joie du monde nouveau. (&#8230;)<\/p>\n<p>En outre, le Cr\u00e9ateur cherche ce qu&rsquo;il peut bien ajouter \u00e0 ta dignit\u00e9\u00a0: il d\u00e9pose en toi son image (Gn 1,27), afin que cette image visible rende pr\u00e9sent sur terre le Cr\u00e9ateur invisible, et il te confie la g\u00e9rance des biens terrestres, afin qu&rsquo;un aussi vaste domaine n&rsquo;\u00e9chappe pas au repr\u00e9sentant du Seigneur. (&#8230;) Et ce que Dieu a fait en toi par sa puissance, il a eu la bont\u00e9 de l&rsquo;assumer en lui-m\u00eame\u00a0; il a voulu se manifester vraiment dans l&rsquo;homme en qui, jusqu&rsquo;alors, il n&rsquo;\u00e9tait apparu qu&rsquo;en image. Il a donn\u00e9 \u00e0 l&rsquo;homme d&rsquo;\u00eatre en r\u00e9alit\u00e9 ce qu&rsquo;il n&rsquo;\u00e9tait auparavant que par une simple ressemblance. (&#8230;) Le Christ na\u00eet donc pour rendre toute son int\u00e9grit\u00e9 \u00e0 la nature d\u00e9chue.<\/p>\n<h3 class=\"GospelCommentaryAuthor-name commentary-author font-2\">Saint Pierre Chrysologue (v. 406-450)<\/h3>\n<p>&nbsp;<\/p>\n<p>&nbsp;<\/p>\n<p>&nbsp;<\/p>\n","protected":false},"excerpt":{"rendered":"<p>Pourquoi, homme, te m\u00e9prises-tu tellement, alors que tu es si pr\u00e9cieux pour Dieu\u00a0? Pourquoi, lorsque Dieu t&rsquo;honore par la naissance du Christ en notre chair, te d\u00e9shonores-tu \u00e0 ce point\u00a0? Pourquoi cherches-tu comment tu as \u00e9t\u00e9 fait et ne recherches-tu pas en vue de quoi tu es fait\u00a0? Est-ce que toute cette demeure du monde [&hellip;]<\/p>\n","protected":false},"author":2,"featured_media":0,"comment_status":"closed","ping_status":"closed","sticky":false,"template":"","format":"standard","meta":{"footnotes":""},"categories":[13,1261],"tags":[268,269,448,479,1072],"class_list":["post-18858","post","type-post","status-publish","format-standard","hentry","category-ecritures","category-enseignement-2","tag-createur","tag-creation","tag-genese","tag-homme","tag-st-pierre-chrysologue"],"_links":{"self":[{"href":"https:\/\/www.associationdemarie.org\/blog\/wp-json\/wp\/v2\/posts\/18858","targetHints":{"allow":["GET"]}}],"collection":[{"href":"https:\/\/www.associationdemarie.org\/blog\/wp-json\/wp\/v2\/posts"}],"about":[{"href":"https:\/\/www.associationdemarie.org\/blog\/wp-json\/wp\/v2\/types\/post"}],"author":[{"embeddable":true,"href":"https:\/\/www.associationdemarie.org\/blog\/wp-json\/wp\/v2\/users\/2"}],"replies":[{"embeddable":true,"href":"https:\/\/www.associationdemarie.org\/blog\/wp-json\/wp\/v2\/comments?post=18858"}],"version-history":[{"count":1,"href":"https:\/\/www.associationdemarie.org\/blog\/wp-json\/wp\/v2\/posts\/18858\/revisions"}],"predecessor-version":[{"id":18860,"href":"https:\/\/www.associationdemarie.org\/blog\/wp-json\/wp\/v2\/posts\/18858\/revisions\/18860"}],"wp:attachment":[{"href":"https:\/\/www.associationdemarie.org\/blog\/wp-json\/wp\/v2\/media?parent=18858"}],"wp:term":[{"taxonomy":"category","embeddable":true,"href":"https:\/\/www.associationdemarie.org\/blog\/wp-json\/wp\/v2\/categories?post=18858"},{"taxonomy":"post_tag","embeddable":true,"href":"https:\/\/www.associationdemarie.org\/blog\/wp-json\/wp\/v2\/tags?post=18858"}],"curies":[{"name":"wp","href":"https:\/\/api.w.org\/{rel}","templated":true}]}}