{"id":18845,"date":"2020-05-08T08:42:04","date_gmt":"2020-05-08T07:42:04","guid":{"rendered":"http:\/\/www.associationdemarie.org\/blog\/?p=18845"},"modified":"2020-05-08T08:42:04","modified_gmt":"2020-05-08T07:42:04","slug":"union-de-priere-7","status":"publish","type":"post","link":"https:\/\/www.associationdemarie.org\/blog\/union-de-priere-7\/","title":{"rendered":"Union de pri\u00e8re"},"content":{"rendered":"<p><img loading=\"lazy\" decoding=\"async\" class=\"aligncenter  wp-image-18846\" src=\"https:\/\/www.associationdemarie.org\/blog\/wp-content\/uploads\/2020\/05\/MMDH-juillet95.png\" alt=\"\" width=\"468\" height=\"351\" srcset=\"https:\/\/www.associationdemarie.org\/blog\/wp-content\/uploads\/2020\/05\/MMDH-juillet95.png 1061w, https:\/\/www.associationdemarie.org\/blog\/wp-content\/uploads\/2020\/05\/MMDH-juillet95-300x225.png 300w, https:\/\/www.associationdemarie.org\/blog\/wp-content\/uploads\/2020\/05\/MMDH-juillet95-768x576.png 768w, https:\/\/www.associationdemarie.org\/blog\/wp-content\/uploads\/2020\/05\/MMDH-juillet95-1024x768.png 1024w\" sizes=\"auto, (max-width: 468px) 100vw, 468px\" \/><\/p>\n<p>&nbsp;<\/p>\n<h2>En union de pri\u00e8re, tous les soirs \u00e0 18h35 pour les Stes \u00e2mes du Purgatoire, tous les jours pour les neuvaines d&rsquo;Ardouane, et tous les vendredis soir, de 21h30 \u00e0 22h00, \u00e0 la demande de Marie M\u00e8re des hommes, aux intentions de ce monde et pour tous ceux partis trop t\u00f4t du covid-19 ou malades.<\/h2>\n<p>&nbsp;<\/p>\n","protected":false},"excerpt":{"rendered":"<p>&nbsp; En union de pri\u00e8re, tous les soirs \u00e0 18h35 pour les Stes \u00e2mes du Purgatoire, tous les jours pour les neuvaines d&rsquo;Ardouane, et tous les vendredis soir, de 21h30 \u00e0 22h00, \u00e0 la demande de Marie M\u00e8re des hommes, aux intentions de ce monde et pour tous ceux partis trop t\u00f4t du covid-19 ou [&hellip;]<\/p>\n","protected":false},"author":2,"featured_media":0,"comment_status":"closed","ping_status":"closed","sticky":false,"template":"","format":"standard","meta":{"footnotes":""},"categories":[2,17],"tags":[640,668,1167],"class_list":["post-18845","post","type-post","status-publish","format-standard","hentry","category-actualites","category-maison-de-marie-dardouane","tag-marie-mere-des-hommes","tag-message","tag-union-de-prieres"],"_links":{"self":[{"href":"https:\/\/www.associationdemarie.org\/blog\/wp-json\/wp\/v2\/posts\/18845","targetHints":{"allow":["GET"]}}],"collection":[{"href":"https:\/\/www.associationdemarie.org\/blog\/wp-json\/wp\/v2\/posts"}],"about":[{"href":"https:\/\/www.associationdemarie.org\/blog\/wp-json\/wp\/v2\/types\/post"}],"author":[{"embeddable":true,"href":"https:\/\/www.associationdemarie.org\/blog\/wp-json\/wp\/v2\/users\/2"}],"replies":[{"embeddable":true,"href":"https:\/\/www.associationdemarie.org\/blog\/wp-json\/wp\/v2\/comments?post=18845"}],"version-history":[{"count":1,"href":"https:\/\/www.associationdemarie.org\/blog\/wp-json\/wp\/v2\/posts\/18845\/revisions"}],"predecessor-version":[{"id":18847,"href":"https:\/\/www.associationdemarie.org\/blog\/wp-json\/wp\/v2\/posts\/18845\/revisions\/18847"}],"wp:attachment":[{"href":"https:\/\/www.associationdemarie.org\/blog\/wp-json\/wp\/v2\/media?parent=18845"}],"wp:term":[{"taxonomy":"category","embeddable":true,"href":"https:\/\/www.associationdemarie.org\/blog\/wp-json\/wp\/v2\/categories?post=18845"},{"taxonomy":"post_tag","embeddable":true,"href":"https:\/\/www.associationdemarie.org\/blog\/wp-json\/wp\/v2\/tags?post=18845"}],"curies":[{"name":"wp","href":"https:\/\/api.w.org\/{rel}","templated":true}]}}