{"id":188,"date":"2009-04-05T20:06:43","date_gmt":"2009-04-05T20:06:43","guid":{"rendered":"http:\/\/preprod.meltem-int.com\/marie\/blog\/?p=188"},"modified":"2009-04-05T20:06:43","modified_gmt":"2009-04-05T20:06:43","slug":"semaine-sainte","status":"publish","type":"post","link":"https:\/\/www.associationdemarie.org\/blog\/semaine-sainte\/","title":{"rendered":"Semaine Sainte"},"content":{"rendered":"<p><img loading=\"lazy\" decoding=\"async\" class=\"alignleft size-medium wp-image-187\" title=\"Rameaux\" src=\"https:\/\/www.associationdemarie.org\/blog\/wp-content\/uploads\/2009\/05\/rameaux-235x300.jpg\" alt=\"Rameaux\" width=\"235\" height=\"300\" srcset=\"https:\/\/www.associationdemarie.org\/blog\/wp-content\/uploads\/2009\/05\/rameaux-235x300.jpg 235w, https:\/\/www.associationdemarie.org\/blog\/wp-content\/uploads\/2009\/05\/rameaux.jpg 287w\" sizes=\"auto, (max-width: 235px) 100vw, 235px\" \/>Cette semaine s&rsquo;ouvre par le Dimanche des Rameaux, consid\u00e9r\u00e9 comme l&rsquo;une des 12 grandes f\u00eates de l&rsquo;ann\u00e9e liturgique. C&rsquo;est un dimanche festif, car il c\u00e9l\u00e8bre l&rsquo;entr\u00e9e du Christ \u00e0 J\u00e9rusalem, o\u00f9 il est accueilli triomphalement par le peuple tenant des rameaux. Les fid\u00e8les apportent ce jour des rameaux et le pr\u00eatre les b\u00e9nit. Cependant, la venue du Christ \u00e0 J\u00e9rusalem marque le d\u00e9but de la Passion du Christ, vers laquelle Il s&rsquo;avance volontairement. Ce dimanche ouvre donc la Semaine Sainte.<br \/>\n\u00ab\u00a0Nous tenons \u00e0 la main ces rameaux pour acclamer le triomphe du Christ. Pour que nous portions en Lui des fruits qui Te rendent gloire, donne-nous de vivre comme Lui en faisant le bien.\u00a0\u00bb (pri\u00e8re de la b\u00e9n\u00e9diction des rameaux)<\/p>\n","protected":false},"excerpt":{"rendered":"<p>Cette semaine s&rsquo;ouvre par le Dimanche des Rameaux, consid\u00e9r\u00e9 comme l&rsquo;une des 12 grandes f\u00eates de l&rsquo;ann\u00e9e liturgique. C&rsquo;est un dimanche festif, car il c\u00e9l\u00e8bre l&rsquo;entr\u00e9e du Christ \u00e0 J\u00e9rusalem, o\u00f9 il est accueilli triomphalement par le peuple tenant des rameaux. Les fid\u00e8les apportent ce jour des rameaux et le pr\u00eatre les b\u00e9nit. Cependant, la [&hellip;]<\/p>\n","protected":false},"author":2,"featured_media":0,"comment_status":"closed","ping_status":"closed","sticky":false,"template":"","format":"standard","meta":{"footnotes":""},"categories":[7],"tags":[184,862,972],"class_list":["post-188","post","type-post","status-publish","format-standard","hentry","category-careme-2009","tag-careme","tag-rameaux","tag-semaine-sainte"],"_links":{"self":[{"href":"https:\/\/www.associationdemarie.org\/blog\/wp-json\/wp\/v2\/posts\/188","targetHints":{"allow":["GET"]}}],"collection":[{"href":"https:\/\/www.associationdemarie.org\/blog\/wp-json\/wp\/v2\/posts"}],"about":[{"href":"https:\/\/www.associationdemarie.org\/blog\/wp-json\/wp\/v2\/types\/post"}],"author":[{"embeddable":true,"href":"https:\/\/www.associationdemarie.org\/blog\/wp-json\/wp\/v2\/users\/2"}],"replies":[{"embeddable":true,"href":"https:\/\/www.associationdemarie.org\/blog\/wp-json\/wp\/v2\/comments?post=188"}],"version-history":[{"count":0,"href":"https:\/\/www.associationdemarie.org\/blog\/wp-json\/wp\/v2\/posts\/188\/revisions"}],"wp:attachment":[{"href":"https:\/\/www.associationdemarie.org\/blog\/wp-json\/wp\/v2\/media?parent=188"}],"wp:term":[{"taxonomy":"category","embeddable":true,"href":"https:\/\/www.associationdemarie.org\/blog\/wp-json\/wp\/v2\/categories?post=188"},{"taxonomy":"post_tag","embeddable":true,"href":"https:\/\/www.associationdemarie.org\/blog\/wp-json\/wp\/v2\/tags?post=188"}],"curies":[{"name":"wp","href":"https:\/\/api.w.org\/{rel}","templated":true}]}}