{"id":18796,"date":"2020-05-16T01:02:18","date_gmt":"2020-05-16T00:02:18","guid":{"rendered":"http:\/\/www.associationdemarie.org\/blog\/?p=18796"},"modified":"2020-04-25T08:04:40","modified_gmt":"2020-04-25T07:04:40","slug":"vous-nappartenez-pas-au-monde-puisque-je-vous-ai-choisis-voila-pourquoi-le-monde-a-de-la-haine-contre-vous","status":"publish","type":"post","link":"https:\/\/www.associationdemarie.org\/blog\/vous-nappartenez-pas-au-monde-puisque-je-vous-ai-choisis-voila-pourquoi-le-monde-a-de-la-haine-contre-vous\/","title":{"rendered":"\u00ab Vous n&rsquo;appartenez pas au monde puisque je vous ai choisis&#8230; Voil\u00e0 pourquoi le monde a de la haine contre vous. \u00bb"},"content":{"rendered":"<p><img loading=\"lazy\" decoding=\"async\" class=\"aligncenter wp-image-18797\" src=\"https:\/\/www.associationdemarie.org\/blog\/wp-content\/uploads\/2020\/04\/Lx90nUFK-XWbApdo19ssUxRsda8@665x444.jpg\" alt=\"\" width=\"443\" height=\"296\" srcset=\"https:\/\/www.associationdemarie.org\/blog\/wp-content\/uploads\/2020\/04\/Lx90nUFK-XWbApdo19ssUxRsda8@665x444.jpg 665w, https:\/\/www.associationdemarie.org\/blog\/wp-content\/uploads\/2020\/04\/Lx90nUFK-XWbApdo19ssUxRsda8@665x444-300x200.jpg 300w\" sizes=\"auto, (max-width: 443px) 100vw, 443px\" \/><\/p>\n<p>&nbsp;<\/p>\n<p>\u00ab\u00a0Heureux \u00eates-vous quand les hommes vous ha\u00efssent et vous repoussent, quand ils insultent et rejettent votre nom comme m\u00e9prisable \u00e0 cause de Fils de l&rsquo;homme. R\u00e9jouissez-vous ce jour-l\u00e0 et tressaillez d&rsquo;all\u00e9gresse, car votre r\u00e9compense est grande dans le ciel\u00a0\u00bb (Lc 6,22-23). Le Seigneur a voulu que nous nous r\u00e9jouissions, que nous tressaillions d&rsquo;all\u00e9gresse quand nous sommes pers\u00e9cut\u00e9s, parce que quand les pers\u00e9cutions viennent, c&rsquo;est alors que les couronnes de la foi sont distribu\u00e9es (Jc 1,12), c&rsquo;est alors que les soldats du Christ font leurs preuves, c&rsquo;est alors que les cieux s&rsquo;ouvrent \u00e0 ses t\u00e9moins. Nous ne sommes pas engag\u00e9s dans la milice de Dieu pour ne penser qu&rsquo;\u00e0 la tranquillit\u00e9, refuser le service et nous y d\u00e9rober, alors que le Seigneur lui-m\u00eame, le Ma\u00eetre de l&rsquo;humilit\u00e9, de la patience et de la souffrance, a accompli le m\u00eame service avant nous. Ce qu&rsquo;il a enseign\u00e9, il a commenc\u00e9 par le faire, et s&rsquo;il nous exhorte \u00e0 tenir bon, c&rsquo;est qu&rsquo;il a souffert lui-m\u00eame avant nous et pour nous. (&#8230;)<\/p>\n<p>Pour participer aux comp\u00e9titions du stade, les athl\u00e8tes s&rsquo;exercent, s&rsquo;entra\u00eenent, et s&rsquo;estiment tr\u00e8s honor\u00e9s si, sous les yeux de la foule et de l&#8217;empereur, ils ont le bonheur de recevoir le prix. Mais voici une \u00e9preuve autrement noble et magnifique, o\u00f9 Dieu nous regarde combattre, nous ses enfants, et o\u00f9 lui-m\u00eame nous donne une couronne c\u00e9leste (1Co 9,25). (&#8230;) Pendant que nous soutenons le combat de la foi, Dieu nous regarde, ses anges aussi nous regardent et le Christ nous regarde\u00a0: quelle gloire pour nous\u00a0! (&#8230;) Armons-nous donc, fr\u00e8res tr\u00e8s chers, de toutes nos forces\u00a0; pr\u00e9parons-nous avec une \u00e2me inalt\u00e9rable, une foi enti\u00e8re et un courage pr\u00eat au sacrifice.<\/p>\n<h3 class=\"GospelCommentaryAuthor-name commentary-author font-2\">Saint Cyprien (v. 200-258)<\/h3>\n<p>&nbsp;<\/p>\n<p>&nbsp;<\/p>\n<p>&nbsp;<\/p>\n","protected":false},"excerpt":{"rendered":"<p>&nbsp; \u00ab\u00a0Heureux \u00eates-vous quand les hommes vous ha\u00efssent et vous repoussent, quand ils insultent et rejettent votre nom comme m\u00e9prisable \u00e0 cause de Fils de l&rsquo;homme. R\u00e9jouissez-vous ce jour-l\u00e0 et tressaillez d&rsquo;all\u00e9gresse, car votre r\u00e9compense est grande dans le ciel\u00a0\u00bb (Lc 6,22-23). Le Seigneur a voulu que nous nous r\u00e9jouissions, que nous tressaillions d&rsquo;all\u00e9gresse quand [&hellip;]<\/p>\n","protected":false},"author":2,"featured_media":0,"comment_status":"closed","ping_status":"closed","sticky":false,"template":"","format":"standard","meta":{"footnotes":""},"categories":[13,1261],"tags":[425,686,797,1024],"class_list":["post-18796","post","type-post","status-publish","format-standard","hentry","category-ecritures","category-enseignement-2","tag-foi","tag-monde","tag-persecutions","tag-st-cyprien"],"_links":{"self":[{"href":"https:\/\/www.associationdemarie.org\/blog\/wp-json\/wp\/v2\/posts\/18796","targetHints":{"allow":["GET"]}}],"collection":[{"href":"https:\/\/www.associationdemarie.org\/blog\/wp-json\/wp\/v2\/posts"}],"about":[{"href":"https:\/\/www.associationdemarie.org\/blog\/wp-json\/wp\/v2\/types\/post"}],"author":[{"embeddable":true,"href":"https:\/\/www.associationdemarie.org\/blog\/wp-json\/wp\/v2\/users\/2"}],"replies":[{"embeddable":true,"href":"https:\/\/www.associationdemarie.org\/blog\/wp-json\/wp\/v2\/comments?post=18796"}],"version-history":[{"count":3,"href":"https:\/\/www.associationdemarie.org\/blog\/wp-json\/wp\/v2\/posts\/18796\/revisions"}],"predecessor-version":[{"id":18800,"href":"https:\/\/www.associationdemarie.org\/blog\/wp-json\/wp\/v2\/posts\/18796\/revisions\/18800"}],"wp:attachment":[{"href":"https:\/\/www.associationdemarie.org\/blog\/wp-json\/wp\/v2\/media?parent=18796"}],"wp:term":[{"taxonomy":"category","embeddable":true,"href":"https:\/\/www.associationdemarie.org\/blog\/wp-json\/wp\/v2\/categories?post=18796"},{"taxonomy":"post_tag","embeddable":true,"href":"https:\/\/www.associationdemarie.org\/blog\/wp-json\/wp\/v2\/tags?post=18796"}],"curies":[{"name":"wp","href":"https:\/\/api.w.org\/{rel}","templated":true}]}}