{"id":18715,"date":"2020-04-25T01:04:21","date_gmt":"2020-04-25T00:04:21","guid":{"rendered":"http:\/\/www.associationdemarie.org\/blog\/?p=18715"},"modified":"2020-04-04T08:06:33","modified_gmt":"2020-04-04T07:06:33","slug":"fete-de-saint-marc-evangeliste-2","status":"publish","type":"post","link":"https:\/\/www.associationdemarie.org\/blog\/fete-de-saint-marc-evangeliste-2\/","title":{"rendered":"F\u00eate de saint Marc, \u00e9vang\u00e9liste"},"content":{"rendered":"<p><img loading=\"lazy\" decoding=\"async\" class=\"aligncenter wp-image-18716\" src=\"https:\/\/www.associationdemarie.org\/blog\/wp-content\/uploads\/2020\/04\/Mk-mosa1.jpg\" alt=\"\" width=\"398\" height=\"242\" srcset=\"https:\/\/www.associationdemarie.org\/blog\/wp-content\/uploads\/2020\/04\/Mk-mosa1.jpg 446w, https:\/\/www.associationdemarie.org\/blog\/wp-content\/uploads\/2020\/04\/Mk-mosa1-300x182.jpg 300w\" sizes=\"auto, (max-width: 398px) 100vw, 398px\" \/><\/p>\n<p>\u00ab\u00a0Redonnez de la vigueur aux mains d\u00e9faillantes et aux genoux chancelants\u00a0\u00bb (He 12,12; Is 35,3). (&#8230;) Pris par Barnab\u00e9 et Paul lors de leur premier voyage apostolique, saint Marc les a abandonn\u00e9s assez rapidement pour rentrer \u00e0 J\u00e9rusalem (Ac 15,38). Or, dans la suite, il a \u00e9t\u00e9 l&rsquo;assistant de saint Pierre \u00e0 Rome (1P 5,13). C&rsquo;est l\u00e0 qu&rsquo;il a compos\u00e9 son \u00e9vangile, principalement d&rsquo;apr\u00e8s ce que cet ap\u00f4tre lui avait racont\u00e9. Enfin, il a \u00e9t\u00e9 envoy\u00e9 par Pierre \u00e0 Alexandrie en \u00c9gypte, o\u00f9 il a fond\u00e9 une \u00c9glise, l&rsquo;une des plus strictes et des plus puissantes de ces temps des d\u00e9buts. (&#8230;) Celui donc qui a abandonn\u00e9 la cause de l&rsquo;\u00c9vangile face aux premiers dangers s&rsquo;est montr\u00e9 par la suite (&#8230;) un serviteur tr\u00e8s r\u00e9solu et fid\u00e8le de Dieu (&#8230;), et l&rsquo;instrument de ce changement para\u00eet \u00eatre saint Pierre, qui a su admirablement r\u00e9tablir ce disciple timide et l\u00e2che.<\/p>\n<p>Une le\u00e7on nous est donn\u00e9e \u00e0 travers cette histoire\u00a0: par la gr\u00e2ce de Dieu, le plus faible peut devenir fort. Donc, il ne faut pas mettre notre confiance en nous-m\u00eames, ni jamais m\u00e9priser un fr\u00e8re qui fait preuve de faiblesse, ni jamais d\u00e9sesp\u00e9rer \u00e0 son sujet, mais porter son fardeau (Ga 6,2) et l&rsquo;aider \u00e0 aller de l&rsquo;avant. (&#8230;) L&rsquo;histoire de Mo\u00efse nous montre l&rsquo;exemple d&rsquo;un temp\u00e9rament fier et imp\u00e9tueux que l&rsquo;Esprit a dompt\u00e9 au point d&rsquo;en faire un homme de douceur exceptionnelle. (&#8230;)\u00a0: \u00ab\u00a0l&rsquo;homme le plus humble que la terre ait port\u00e9\u00a0\u00bb (Nb 12,3). (&#8230;) L&rsquo;histoire de Marc d\u00e9montre un cas de changement encore plus rare\u00a0: le passage de la timidit\u00e9 \u00e0 la hardiesse. (&#8230;) Admirons donc chez saint Marc une transformation plus \u00e9tonnante que celle de Mo\u00efse\u00a0: \u00ab\u00a0Gr\u00e2ce \u00e0 la foi, de faible qu&rsquo;il \u00e9tait, il a \u00e9t\u00e9 rendu vigoureux\u00a0\u00bb (cf He 11,34).<\/p>\n<h3 class=\"GospelCommentaryAuthor-name commentary-author font-2\">Saint John Henry Newman (1801-1890)<\/h3>\n<p>&nbsp;<\/p>\n<p>&nbsp;<\/p>\n<p>&nbsp;<\/p>\n","protected":false},"excerpt":{"rendered":"<p>\u00ab\u00a0Redonnez de la vigueur aux mains d\u00e9faillantes et aux genoux chancelants\u00a0\u00bb (He 12,12; Is 35,3). (&#8230;) Pris par Barnab\u00e9 et Paul lors de leur premier voyage apostolique, saint Marc les a abandonn\u00e9s assez rapidement pour rentrer \u00e0 J\u00e9rusalem (Ac 15,38). Or, dans la suite, il a \u00e9t\u00e9 l&rsquo;assistant de saint Pierre \u00e0 Rome (1P 5,13). [&hellip;]<\/p>\n","protected":false},"author":2,"featured_media":0,"comment_status":"closed","ping_status":"closed","sticky":false,"template":"","format":"standard","meta":{"footnotes":""},"categories":[3,28],"tags":[1308,387,683,923,1537,1057],"class_list":["post-18715","post","type-post","status-publish","format-standard","hentry","category-liturgique","category-saints-et-saintes","tag-courage","tag-evangelisation","tag-moise","tag-saint","tag-st-john-henry-newman","tag-st-marc"],"_links":{"self":[{"href":"https:\/\/www.associationdemarie.org\/blog\/wp-json\/wp\/v2\/posts\/18715","targetHints":{"allow":["GET"]}}],"collection":[{"href":"https:\/\/www.associationdemarie.org\/blog\/wp-json\/wp\/v2\/posts"}],"about":[{"href":"https:\/\/www.associationdemarie.org\/blog\/wp-json\/wp\/v2\/types\/post"}],"author":[{"embeddable":true,"href":"https:\/\/www.associationdemarie.org\/blog\/wp-json\/wp\/v2\/users\/2"}],"replies":[{"embeddable":true,"href":"https:\/\/www.associationdemarie.org\/blog\/wp-json\/wp\/v2\/comments?post=18715"}],"version-history":[{"count":1,"href":"https:\/\/www.associationdemarie.org\/blog\/wp-json\/wp\/v2\/posts\/18715\/revisions"}],"predecessor-version":[{"id":18717,"href":"https:\/\/www.associationdemarie.org\/blog\/wp-json\/wp\/v2\/posts\/18715\/revisions\/18717"}],"wp:attachment":[{"href":"https:\/\/www.associationdemarie.org\/blog\/wp-json\/wp\/v2\/media?parent=18715"}],"wp:term":[{"taxonomy":"category","embeddable":true,"href":"https:\/\/www.associationdemarie.org\/blog\/wp-json\/wp\/v2\/categories?post=18715"},{"taxonomy":"post_tag","embeddable":true,"href":"https:\/\/www.associationdemarie.org\/blog\/wp-json\/wp\/v2\/tags?post=18715"}],"curies":[{"name":"wp","href":"https:\/\/api.w.org\/{rel}","templated":true}]}}