{"id":18711,"date":"2020-04-24T01:08:31","date_gmt":"2020-04-24T00:08:31","guid":{"rendered":"http:\/\/www.associationdemarie.org\/blog\/?p=18711"},"modified":"2020-04-03T08:11:14","modified_gmt":"2020-04-03T07:11:14","slug":"rompant-les-pains-il-les-donna-aux-disciples-qui-les-donnerent-aux-foules-mt-1419-2","status":"publish","type":"post","link":"https:\/\/www.associationdemarie.org\/blog\/rompant-les-pains-il-les-donna-aux-disciples-qui-les-donnerent-aux-foules-mt-1419-2\/","title":{"rendered":"\u00ab Rompant les pains, il les donna aux disciples, qui les donn\u00e8rent aux foules. \u00bb (Mt 14,19)"},"content":{"rendered":"<p><img loading=\"lazy\" decoding=\"async\" class=\"aligncenter wp-image-18712\" src=\"https:\/\/www.associationdemarie.org\/blog\/wp-content\/uploads\/2020\/04\/122808238.png\" alt=\"\" width=\"442\" height=\"317\" srcset=\"https:\/\/www.associationdemarie.org\/blog\/wp-content\/uploads\/2020\/04\/122808238.png 569w, https:\/\/www.associationdemarie.org\/blog\/wp-content\/uploads\/2020\/04\/122808238-300x215.png 300w\" sizes=\"auto, (max-width: 442px) 100vw, 442px\" \/><\/p>\n<p>L&rsquo;\u00c9glise \u00ab\u00a0en sortie\u00a0\u00bb est une \u00c9glise aux portes ouvertes (\u2026); l&rsquo;\u00c9glise est appel\u00e9e \u00e0 \u00eatre toujours la maison ouverte du P\u00e8re. (\u2026) Tous peuvent participer de quelque mani\u00e8re \u00e0 la vie eccl\u00e9siale, tous peuvent faire partie de la communaut\u00e9, et m\u00eame les portes des sacrements ne devraient pas se fermer pour n&rsquo;importe quelle raison. Ceci vaut surtout pour ce sacrement qui est \u00ab\u00a0la porte\u00a0\u00bb, le bapt\u00eame. L&rsquo;eucharistie, m\u00eame si elle constitue la pl\u00e9nitude de la vie sacramentelle, n&rsquo;est pas un prix destin\u00e9 aux parfaits, mais un rem\u00e8de g\u00e9n\u00e9reux et un aliment pour les faibles. (\u2026) L&rsquo;\u00c9glise n&rsquo;est pas une douane, elle est la maison paternelle o\u00f9 il y a de la place pour chacun avec sa vie difficile.<\/p>\n<p>Si l&rsquo;\u00c9glise enti\u00e8re assume ce dynamisme missionnaire, elle doit parvenir \u00e0 tous, sans exception. Mais qui devrait-elle privil\u00e9gier\u00a0? Quand quelqu&rsquo;un lit l&rsquo;\u00c9vangile, il trouve une orientation tr\u00e8s claire\u00a0; pas tant \u00ab\u00a0les amis et voisins riches,\u00a0\u00bb mais surtout \u00ab\u00a0les pauvres et les infirmes\u00a0\u00bb, ceux qui sont souvent m\u00e9pris\u00e9s et oubli\u00e9s, \u00ab\u00a0ceux qui n&rsquo;ont pas de quoi te le rendre\u00a0\u00bb (Lc 14,12s). Aucun doute ni aucune explication qui affaibliraient ce message si clair ne doivent subsister\u00a0; aujourd&rsquo;hui et toujours, \u00ab\u00a0les pauvres sont les destinataires privil\u00e9gi\u00e9s de l&rsquo;\u00c9vangile\u00a0\u00bb (Beno\u00eet XVI). (\u2026) Il faut affirmer sans d\u00e9tour qu&rsquo;il existe un lien ins\u00e9parable entre notre foi et les pauvres. Ne les laissons jamais seuls.<\/p>\n<p>Sortons, sortons pour offrir \u00e0 tous la vie de J\u00e9sus Christ. (\u2026) Si quelque chose doit saintement nous pr\u00e9occuper et inqui\u00e9ter notre conscience, c&rsquo;est que tant de nos fr\u00e8res vivent sans la force, la lumi\u00e8re et la consolation de l&rsquo;amiti\u00e9 de J\u00e9sus Christ, sans une communaut\u00e9 de foi qui les accueille, sans un horizon de sens et de vie. (\u2026) Dehors, il y a une multitude affam\u00e9e, et J\u00e9sus qui nous r\u00e9p\u00e8te sans arr\u00eat\u00a0; \u00ab\u00a0Donnez-leur vous-m\u00eames \u00e0 manger\u00a0\u00bb (Mt 14,16; Mc 6, 37; Lc 9,13).<\/p>\n<h3 class=\"GospelCommentaryAuthor-name commentary-author font-2\">Pape Fran\u00e7ois<\/h3>\n<p>&nbsp;<\/p>\n<p>&nbsp;<\/p>\n<p>&nbsp;<\/p>\n","protected":false},"excerpt":{"rendered":"<p>L&rsquo;\u00c9glise \u00ab\u00a0en sortie\u00a0\u00bb est une \u00c9glise aux portes ouvertes (\u2026); l&rsquo;\u00c9glise est appel\u00e9e \u00e0 \u00eatre toujours la maison ouverte du P\u00e8re. (\u2026) Tous peuvent participer de quelque mani\u00e8re \u00e0 la vie eccl\u00e9siale, tous peuvent faire partie de la communaut\u00e9, et m\u00eame les portes des sacrements ne devraient pas se fermer pour n&rsquo;importe quelle raison. Ceci [&hellip;]<\/p>\n","protected":false},"author":2,"featured_media":0,"comment_status":"closed","ping_status":"closed","sticky":false,"template":"","format":"standard","meta":{"footnotes":""},"categories":[13,1261],"tags":[305,1382,387,676,754,761],"class_list":["post-18711","post","type-post","status-publish","format-standard","hentry","category-ecritures","category-enseignement-2","tag-disciples","tag-ecritures","tag-evangelisation","tag-miracle","tag-pain","tag-pape-francois"],"_links":{"self":[{"href":"https:\/\/www.associationdemarie.org\/blog\/wp-json\/wp\/v2\/posts\/18711","targetHints":{"allow":["GET"]}}],"collection":[{"href":"https:\/\/www.associationdemarie.org\/blog\/wp-json\/wp\/v2\/posts"}],"about":[{"href":"https:\/\/www.associationdemarie.org\/blog\/wp-json\/wp\/v2\/types\/post"}],"author":[{"embeddable":true,"href":"https:\/\/www.associationdemarie.org\/blog\/wp-json\/wp\/v2\/users\/2"}],"replies":[{"embeddable":true,"href":"https:\/\/www.associationdemarie.org\/blog\/wp-json\/wp\/v2\/comments?post=18711"}],"version-history":[{"count":1,"href":"https:\/\/www.associationdemarie.org\/blog\/wp-json\/wp\/v2\/posts\/18711\/revisions"}],"predecessor-version":[{"id":18713,"href":"https:\/\/www.associationdemarie.org\/blog\/wp-json\/wp\/v2\/posts\/18711\/revisions\/18713"}],"wp:attachment":[{"href":"https:\/\/www.associationdemarie.org\/blog\/wp-json\/wp\/v2\/media?parent=18711"}],"wp:term":[{"taxonomy":"category","embeddable":true,"href":"https:\/\/www.associationdemarie.org\/blog\/wp-json\/wp\/v2\/categories?post=18711"},{"taxonomy":"post_tag","embeddable":true,"href":"https:\/\/www.associationdemarie.org\/blog\/wp-json\/wp\/v2\/tags?post=18711"}],"curies":[{"name":"wp","href":"https:\/\/api.w.org\/{rel}","templated":true}]}}