{"id":18701,"date":"2020-04-21T01:04:31","date_gmt":"2020-04-21T00:04:31","guid":{"rendered":"http:\/\/www.associationdemarie.org\/blog\/?p=18701"},"modified":"2020-03-31T09:08:50","modified_gmt":"2020-03-31T08:08:50","slug":"nul-nest-monte-au-ciel-sinon-celui-qui-est-descendu-du-ciel","status":"publish","type":"post","link":"https:\/\/www.associationdemarie.org\/blog\/nul-nest-monte-au-ciel-sinon-celui-qui-est-descendu-du-ciel\/","title":{"rendered":"\u00ab Nul n&rsquo;est mont\u00e9 au ciel sinon celui qui est descendu du ciel. \u00bb"},"content":{"rendered":"<p><img loading=\"lazy\" decoding=\"async\" class=\"aligncenter wp-image-18702\" src=\"https:\/\/www.associationdemarie.org\/blog\/wp-content\/uploads\/2020\/03\/aHu7CZHruxeyS3W9dT6EYuXNOVY.jpg\" alt=\"\" width=\"353\" height=\"401\" srcset=\"https:\/\/www.associationdemarie.org\/blog\/wp-content\/uploads\/2020\/03\/aHu7CZHruxeyS3W9dT6EYuXNOVY.jpg 440w, https:\/\/www.associationdemarie.org\/blog\/wp-content\/uploads\/2020\/03\/aHu7CZHruxeyS3W9dT6EYuXNOVY-264x300.jpg 264w\" sizes=\"auto, (max-width: 353px) 100vw, 353px\" \/><\/p>\n<p>Le Pasteur de tous est descendu,<br \/>\nIl a cherch\u00e9 Adam, brebis perdue,<br \/>\nIl l&rsquo;a port\u00e9 sur ses \u00e9paules et est remont\u00e9.<br \/>\nIl s&rsquo;est fait lui-m\u00eame sacrifice offert au Ma\u00eetre du troupeau (Lc 15,4; Jn 10,11).<br \/>\nB\u00e9nie soit sa descente vers nous !<\/p>\n<p>Il s&rsquo;est r\u00e9pandu, ros\u00e9e et pluie vivifiante,<br \/>\nSur Marie, cette terre assoiff\u00e9e.<br \/>\nGrain de bl\u00e9, il est descendu dans la terre ;<br \/>\nIl en est remont\u00e9, gerbe et pain nouveau (Jn 12,24).<br \/>\nB\u00e9nie soit son offrande ! (&#8230;)<\/p>\n<p>De la hauteur, la puissance est descendue pour nous,<br \/>\nDu sein de la Vierge, l&rsquo;esp\u00e9rance a brill\u00e9 pour nous,<br \/>\nDu tombeau la vie est apparue pour nous,<br \/>\n\u00c0 la droite du P\u00e8re, il si\u00e8ge en roi pour nous.<br \/>\nB\u00e9ni soit son honneur !<\/p>\n<p>De la hauteur il a coul\u00e9 comme un fleuve ;<br \/>\nDe Marie il est sorti comme un rejeton ;<br \/>\nDu bois il a pendu comme un fruit,<br \/>\nEt il est mont\u00e9 au ciel, offrande des pr\u00e9mices.<br \/>\nB\u00e9nie soit sa volont\u00e9<\/p>\n<h3 class=\"GospelCommentaryAuthor-name commentary-author font-2\">Saint \u00c9phrem (v. 306-373)<\/h3>\n<p>&nbsp;<\/p>\n<p>&nbsp;<\/p>\n<p>&nbsp;<\/p>\n","protected":false},"excerpt":{"rendered":"<p>Le Pasteur de tous est descendu, Il a cherch\u00e9 Adam, brebis perdue, Il l&rsquo;a port\u00e9 sur ses \u00e9paules et est remont\u00e9. Il s&rsquo;est fait lui-m\u00eame sacrifice offert au Ma\u00eetre du troupeau (Lc 15,4; Jn 10,11). B\u00e9nie soit sa descente vers nous ! Il s&rsquo;est r\u00e9pandu, ros\u00e9e et pluie vivifiante, Sur Marie, cette terre assoiff\u00e9e. Grain [&hellip;]<\/p>\n","protected":false},"author":2,"featured_media":0,"comment_status":"closed","ping_status":"closed","sticky":false,"template":"","format":"standard","meta":{"footnotes":""},"categories":[13,1261],"tags":[275,683,1028,1189],"class_list":["post-18701","post","type-post","status-publish","format-standard","hentry","category-ecritures","category-enseignement-2","tag-croix-glorieuse","tag-moise","tag-st-ephrem","tag-vierge-marie"],"_links":{"self":[{"href":"https:\/\/www.associationdemarie.org\/blog\/wp-json\/wp\/v2\/posts\/18701","targetHints":{"allow":["GET"]}}],"collection":[{"href":"https:\/\/www.associationdemarie.org\/blog\/wp-json\/wp\/v2\/posts"}],"about":[{"href":"https:\/\/www.associationdemarie.org\/blog\/wp-json\/wp\/v2\/types\/post"}],"author":[{"embeddable":true,"href":"https:\/\/www.associationdemarie.org\/blog\/wp-json\/wp\/v2\/users\/2"}],"replies":[{"embeddable":true,"href":"https:\/\/www.associationdemarie.org\/blog\/wp-json\/wp\/v2\/comments?post=18701"}],"version-history":[{"count":1,"href":"https:\/\/www.associationdemarie.org\/blog\/wp-json\/wp\/v2\/posts\/18701\/revisions"}],"predecessor-version":[{"id":18703,"href":"https:\/\/www.associationdemarie.org\/blog\/wp-json\/wp\/v2\/posts\/18701\/revisions\/18703"}],"wp:attachment":[{"href":"https:\/\/www.associationdemarie.org\/blog\/wp-json\/wp\/v2\/media?parent=18701"}],"wp:term":[{"taxonomy":"category","embeddable":true,"href":"https:\/\/www.associationdemarie.org\/blog\/wp-json\/wp\/v2\/categories?post=18701"},{"taxonomy":"post_tag","embeddable":true,"href":"https:\/\/www.associationdemarie.org\/blog\/wp-json\/wp\/v2\/tags?post=18701"}],"curies":[{"name":"wp","href":"https:\/\/api.w.org\/{rel}","templated":true}]}}