{"id":18698,"date":"2020-04-20T01:40:48","date_gmt":"2020-04-20T00:40:48","guid":{"rendered":"http:\/\/www.associationdemarie.org\/blog\/?p=18698"},"modified":"2020-03-30T08:43:56","modified_gmt":"2020-03-30T07:43:56","slug":"renaitre-de-leau-et-de-lesprit","status":"publish","type":"post","link":"https:\/\/www.associationdemarie.org\/blog\/renaitre-de-leau-et-de-lesprit\/","title":{"rendered":"Rena\u00eetre de l&rsquo;eau et de l&rsquo;Esprit"},"content":{"rendered":"<p><img loading=\"lazy\" decoding=\"async\" class=\"aligncenter wp-image-18699\" src=\"https:\/\/www.associationdemarie.org\/blog\/wp-content\/uploads\/2020\/03\/063550___sole_sd.jpg\" alt=\"\" width=\"419\" height=\"314\" srcset=\"https:\/\/www.associationdemarie.org\/blog\/wp-content\/uploads\/2020\/03\/063550___sole_sd.jpg 640w, https:\/\/www.associationdemarie.org\/blog\/wp-content\/uploads\/2020\/03\/063550___sole_sd-300x225.jpg 300w\" sizes=\"auto, (max-width: 419px) 100vw, 419px\" \/><\/p>\n<p>Par ta puissance invisible, Seigneur, tu accomplis des merveilles dans tes sacrements, et au cours de l&rsquo;histoire du salut, tu t&rsquo;es servi de l&rsquo;eau, ta cr\u00e9ature, pour nous faire conna\u00eetre la gr\u00e2ce du bapt\u00eame.<\/p>\n<p>D\u00e8s les commencements du monde, c&rsquo;est ton Esprit qui planait sur les eaux pour qu&rsquo;elles re\u00e7oivent en germe la force qui sanctifie. Par les flots du d\u00e9luge, tu annon\u00e7ais le bapt\u00eame qui fait revivre, puisque l&rsquo;eau y pr\u00e9figurait \u00e9galement la mort du p\u00e9ch\u00e9 et la naissance de toute justice. Aux enfants d&rsquo;Abraham, tu as fait passer la mer Rouge \u00e0 pied sec pour que la race lib\u00e9r\u00e9e de la servitude pr\u00e9figure le peuple des baptis\u00e9s.<\/p>\n<p>Ton Fils bien-aim\u00e9, baptis\u00e9 par Jean dans les eaux du Jourdain, a re\u00e7u l&rsquo;onction de l&rsquo;Esprit Saint. Lorsqu&rsquo;il \u00e9tait en croix, de son c\u00f4t\u00e9 ouvert il laissa couler du sang et de l&rsquo;eau ; et quand il fut ressuscit\u00e9, il dit \u00e0 ses disciples : \u00ab Allez, enseignez toutes les nations, et baptisez-les au nom du P\u00e8re et du Fils et du Saint Esprit \u00bb (Mt 28,19).<\/p>\n<p>Maintenant, Seigneur, regarde avec amour ton \u00c9glise et fais jaillir en elle la source du bapt\u00eame. Que l&rsquo;Esprit Saint donne, par cette eau, la gr\u00e2ce du Christ afin que l&rsquo;homme, cr\u00e9\u00e9 \u00e0 ta ressemblance, y soit lav\u00e9 par le bapt\u00eame des souillures qui d\u00e9forment cette image, et renaisse de l&rsquo;eau et de l&rsquo;Esprit pour la vie nouvelle d&rsquo;enfant de Dieu.<\/p>\n<p>Nous t&rsquo;en prions, Seigneur Par la gr\u00e2ce de ton Fils, que la puissance de l&rsquo;Esprit Saint vienne sur cette eau, afin que tout homme qui sera baptis\u00e9, enseveli dans la mort avec le Christ, ressuscite avec lui pour la vie. Par J\u00e9sus, le Christ, notre Seigneur<\/p>\n<h3 class=\"GospelCommentaryAuthor-name commentary-author font-2\">Le Missel romain<\/h3>\n<div class=\"GospelCommentaryAuthor-source commentary-source\">Pri\u00e8re pour la b\u00e9n\u00e9diction de l&rsquo;eau baptismale pendant la veill\u00e9e pascale<\/div>\n<div><\/div>\n<div><\/div>\n<div><\/div>\n<p>&nbsp;<\/p>\n","protected":false},"excerpt":{"rendered":"<p>Par ta puissance invisible, Seigneur, tu accomplis des merveilles dans tes sacrements, et au cours de l&rsquo;histoire du salut, tu t&rsquo;es servi de l&rsquo;eau, ta cr\u00e9ature, pour nous faire conna\u00eetre la gr\u00e2ce du bapt\u00eame. D\u00e8s les commencements du monde, c&rsquo;est ton Esprit qui planait sur les eaux pour qu&rsquo;elles re\u00e7oivent en germe la force qui [&hellip;]<\/p>\n","protected":false},"author":2,"featured_media":0,"comment_status":"closed","ping_status":"closed","sticky":false,"template":"","format":"standard","meta":{"footnotes":""},"categories":[13,1261],"tags":[131,325,378,1375],"class_list":["post-18698","post","type-post","status-publish","format-standard","hentry","category-ecritures","category-enseignement-2","tag-bapteme","tag-eau-vive","tag-esprit-saint","tag-missel-romain"],"_links":{"self":[{"href":"https:\/\/www.associationdemarie.org\/blog\/wp-json\/wp\/v2\/posts\/18698","targetHints":{"allow":["GET"]}}],"collection":[{"href":"https:\/\/www.associationdemarie.org\/blog\/wp-json\/wp\/v2\/posts"}],"about":[{"href":"https:\/\/www.associationdemarie.org\/blog\/wp-json\/wp\/v2\/types\/post"}],"author":[{"embeddable":true,"href":"https:\/\/www.associationdemarie.org\/blog\/wp-json\/wp\/v2\/users\/2"}],"replies":[{"embeddable":true,"href":"https:\/\/www.associationdemarie.org\/blog\/wp-json\/wp\/v2\/comments?post=18698"}],"version-history":[{"count":1,"href":"https:\/\/www.associationdemarie.org\/blog\/wp-json\/wp\/v2\/posts\/18698\/revisions"}],"predecessor-version":[{"id":18700,"href":"https:\/\/www.associationdemarie.org\/blog\/wp-json\/wp\/v2\/posts\/18698\/revisions\/18700"}],"wp:attachment":[{"href":"https:\/\/www.associationdemarie.org\/blog\/wp-json\/wp\/v2\/media?parent=18698"}],"wp:term":[{"taxonomy":"category","embeddable":true,"href":"https:\/\/www.associationdemarie.org\/blog\/wp-json\/wp\/v2\/categories?post=18698"},{"taxonomy":"post_tag","embeddable":true,"href":"https:\/\/www.associationdemarie.org\/blog\/wp-json\/wp\/v2\/tags?post=18698"}],"curies":[{"name":"wp","href":"https:\/\/api.w.org\/{rel}","templated":true}]}}