{"id":18683,"date":"2020-04-16T01:23:04","date_gmt":"2020-04-16T00:23:04","guid":{"rendered":"http:\/\/www.associationdemarie.org\/blog\/?p=18683"},"modified":"2020-03-26T09:26:35","modified_gmt":"2020-03-26T08:26:35","slug":"cest-vous-qui-en-etes-les-temoins","status":"publish","type":"post","link":"https:\/\/www.associationdemarie.org\/blog\/cest-vous-qui-en-etes-les-temoins\/","title":{"rendered":"\u00ab C&rsquo;est vous qui en \u00eates les t\u00e9moins. \u00bb"},"content":{"rendered":"<p><img loading=\"lazy\" decoding=\"async\" class=\"aligncenter wp-image-18686\" src=\"https:\/\/www.associationdemarie.org\/blog\/wp-content\/uploads\/2020\/04\/Duccio_di_Buoninsegna._Maesta._Christ_s_Appearance_on_Lake_Tiberias._1308-11._jpeg.jpg\" alt=\"\" width=\"374\" height=\"281\" srcset=\"https:\/\/www.associationdemarie.org\/blog\/wp-content\/uploads\/2020\/04\/Duccio_di_Buoninsegna._Maesta._Christ_s_Appearance_on_Lake_Tiberias._1308-11._jpeg.jpg 739w, https:\/\/www.associationdemarie.org\/blog\/wp-content\/uploads\/2020\/04\/Duccio_di_Buoninsegna._Maesta._Christ_s_Appearance_on_Lake_Tiberias._1308-11._jpeg-300x226.jpg 300w\" sizes=\"auto, (max-width: 374px) 100vw, 374px\" \/><\/p>\n<p>Apr\u00e8s sa r\u00e9surrection, le Seigneur est apparu \u00e0 ses disciples et les a salu\u00e9s en disant\u00a0: \u00ab\u00a0La paix soit avec vous\u00a0!\u00a0\u00bb C&rsquo;est vraiment la paix, cette salutation qui sauve, car le mot \u00ab\u00a0salutation\u00a0\u00bb vient de \u00ab\u00a0salut\u00a0\u00bb. Que pourrait-on esp\u00e9rer de meilleur\u00a0? L&rsquo;homme re\u00e7oit la salutation du salut en personne, car notre salut c&rsquo;est le Christ. Oui, il est notre salut, lui qui a \u00e9t\u00e9 bless\u00e9 pour nous et clou\u00e9 au bois, puis descendu du bois et mis au tombeau. Mais du tombeau il est ressuscit\u00e9\u00a0; ses blessures sont gu\u00e9ries, mais gardent pourtant leurs cicatrices. Il est utile \u00e0 ses disciples que ses cicatrices demeurent afin que les blessures de leur c\u0153ur soient gu\u00e9ries. Quelles blessures\u00a0? Les blessures de leur incr\u00e9dulit\u00e9. Il est apparu \u00e0 leurs yeux avec un corps v\u00e9ritable et \u00ab\u00a0ils croyaient voir un esprit\u00a0\u00bb. Ce n&rsquo;est pas l\u00e0 une blessure l\u00e9g\u00e8re dans leur c\u0153ur. (&#8230;)<\/p>\n<p>Mais que dit le Seigneur J\u00e9sus\u00a0? \u00ab\u00a0Pourquoi ce trouble, et pourquoi ces doutes qui s&rsquo;\u00e9l\u00e8vent dans votre c\u0153ur\u00a0?\u00a0\u00bb Il est bon pour l&rsquo;homme non que sa pens\u00e9e s&rsquo;\u00e9l\u00e8ve dans son c\u0153ur, mais que ce soit son c\u0153ur qui s&rsquo;\u00e9l\u00e8ve \u2014 l\u00e0 o\u00f9 l&rsquo;ap\u00f4tre Paul voulait \u00e9tablir le c\u0153ur des fid\u00e8les, \u00e0 qui il disait\u00a0: \u00ab\u00a0Du moment que vous \u00eates ressuscit\u00e9s avec le Christ, recherchez les choses d&rsquo;en haut, l\u00e0 o\u00f9 se trouve le Christ, assis \u00e0 la droite de Dieu. Tendez vers les r\u00e9alit\u00e9s d&rsquo;en haut, non celles de la terre. Car vous \u00eates morts et votre vie est d\u00e9sormais cach\u00e9e avec le Christ en Dieu. Quand le Christ sera manifest\u00e9, lui qui est votre vie, alors vous aussi serez manifest\u00e9s avec lui pleins de gloire\u00a0\u00bb (Col 3,1s). Et quelle est cette gloire\u00a0? La gloire de la r\u00e9surrection. (&#8230;)<\/p>\n<p>Nous, nous croyons \u00e0 la parole de ces disciples, sans qu&rsquo;ils nous aient montr\u00e9 le corps ressuscit\u00e9 du Sauveur. (&#8230;) Mais \u00e0 ce moment-l\u00e0, l&rsquo;\u00e9v\u00e9nement paraissait incroyable. Le Sauveur les a donc amen\u00e9s \u00e0 croire non seulement par la vue, mais aussi par le toucher, pour que par le moyen des sens la foi descende dans le c\u0153ur et puisse \u00eatre pr\u00each\u00e9e dans le monde entier \u00e0 ceux qui n&rsquo;avaient pas vu ni touch\u00e9, mais qui pourtant croiraient sans h\u00e9sitation (cf Jn 20,29).<\/p>\n<h3 class=\"GospelCommentaryAuthor-name commentary-author font-2\">Saint Augustin (354-430)<\/h3>\n<p>&nbsp;<\/p>\n<p>&nbsp;<\/p>\n","protected":false},"excerpt":{"rendered":"<p>Apr\u00e8s sa r\u00e9surrection, le Seigneur est apparu \u00e0 ses disciples et les a salu\u00e9s en disant\u00a0: \u00ab\u00a0La paix soit avec vous\u00a0!\u00a0\u00bb C&rsquo;est vraiment la paix, cette salutation qui sauve, car le mot \u00ab\u00a0salutation\u00a0\u00bb vient de \u00ab\u00a0salut\u00a0\u00bb. Que pourrait-on esp\u00e9rer de meilleur\u00a0? L&rsquo;homme re\u00e7oit la salutation du salut en personne, car notre salut c&rsquo;est le Christ. [&hellip;]<\/p>\n","protected":false},"author":2,"featured_media":0,"comment_status":"closed","ping_status":"closed","sticky":false,"template":"","format":"standard","meta":{"footnotes":""},"categories":[13,1261,1],"tags":[83,425,757,892,949,1012],"class_list":["post-18683","post","type-post","status-publish","format-standard","hentry","category-ecritures","category-enseignement-2","category-non-classe","tag-apotre","tag-foi","tag-paix","tag-resurrection","tag-salut","tag-st-augustin"],"_links":{"self":[{"href":"https:\/\/www.associationdemarie.org\/blog\/wp-json\/wp\/v2\/posts\/18683","targetHints":{"allow":["GET"]}}],"collection":[{"href":"https:\/\/www.associationdemarie.org\/blog\/wp-json\/wp\/v2\/posts"}],"about":[{"href":"https:\/\/www.associationdemarie.org\/blog\/wp-json\/wp\/v2\/types\/post"}],"author":[{"embeddable":true,"href":"https:\/\/www.associationdemarie.org\/blog\/wp-json\/wp\/v2\/users\/2"}],"replies":[{"embeddable":true,"href":"https:\/\/www.associationdemarie.org\/blog\/wp-json\/wp\/v2\/comments?post=18683"}],"version-history":[{"count":3,"href":"https:\/\/www.associationdemarie.org\/blog\/wp-json\/wp\/v2\/posts\/18683\/revisions"}],"predecessor-version":[{"id":18687,"href":"https:\/\/www.associationdemarie.org\/blog\/wp-json\/wp\/v2\/posts\/18683\/revisions\/18687"}],"wp:attachment":[{"href":"https:\/\/www.associationdemarie.org\/blog\/wp-json\/wp\/v2\/media?parent=18683"}],"wp:term":[{"taxonomy":"category","embeddable":true,"href":"https:\/\/www.associationdemarie.org\/blog\/wp-json\/wp\/v2\/categories?post=18683"},{"taxonomy":"post_tag","embeddable":true,"href":"https:\/\/www.associationdemarie.org\/blog\/wp-json\/wp\/v2\/tags?post=18683"}],"curies":[{"name":"wp","href":"https:\/\/api.w.org\/{rel}","templated":true}]}}