{"id":18680,"date":"2020-04-15T01:27:39","date_gmt":"2020-04-15T00:27:39","guid":{"rendered":"http:\/\/www.associationdemarie.org\/blog\/?p=18680"},"modified":"2020-03-25T07:30:23","modified_gmt":"2020-03-25T06:30:23","slug":"notre-coeur-netait-il-pas-brulant","status":"publish","type":"post","link":"https:\/\/www.associationdemarie.org\/blog\/notre-coeur-netait-il-pas-brulant\/","title":{"rendered":"\u00ab Notre c\u0153ur n&rsquo;\u00e9tait-il pas br\u00fblant ? \u00bb"},"content":{"rendered":"<p><img loading=\"lazy\" decoding=\"async\" class=\"aligncenter  wp-image-18681\" src=\"https:\/\/www.associationdemarie.org\/blog\/wp-content\/uploads\/2020\/03\/road_to_emmaus.jpg\" alt=\"\" width=\"390\" height=\"284\" srcset=\"https:\/\/www.associationdemarie.org\/blog\/wp-content\/uploads\/2020\/03\/road_to_emmaus.jpg 800w, https:\/\/www.associationdemarie.org\/blog\/wp-content\/uploads\/2020\/03\/road_to_emmaus-300x219.jpg 300w, https:\/\/www.associationdemarie.org\/blog\/wp-content\/uploads\/2020\/03\/road_to_emmaus-768x560.jpg 768w\" sizes=\"auto, (max-width: 390px) 100vw, 390px\" \/><\/p>\n<p>Fr\u00e8res, r\u00e9alisons ce qu&rsquo;ont \u00e9t\u00e9 les apparitions du Christ \u00e0 ses disciples apr\u00e8s sa r\u00e9surrection. Elles ont d&rsquo;autant plus d&rsquo;importance qu&rsquo;elles nous montrent qu&rsquo;une communion de ce genre avec le Christ reste encore possible\u00a0; c&rsquo;est ce genre de contact avec le Christ qui nous est donn\u00e9 actuellement. Dans cette p\u00e9riode de quarante jours qui suivit la r\u00e9surrection, J\u00e9sus a inaugur\u00e9 sa nouvelle relation avec l&rsquo;\u00c9glise, sa relation actuelle avec nous, le genre de pr\u00e9sence qu&rsquo;il a voulu manifester comme assur\u00e9e.<\/p>\n<p>Apr\u00e8s sa r\u00e9surrection, comment le Christ \u00e9tait-il pr\u00e9sent \u00e0 son \u00c9glise\u00a0? Il allait et venait librement\u00a0; rien ne s&rsquo;opposait \u00e0 sa venue, pas m\u00eame les portes ferm\u00e9es. Mais lui pr\u00e9sent, ses disciples ne r\u00e9alisaient pas d&rsquo;\u00e9vidence qu&rsquo;il \u00e9tait l\u00e0. (&#8230;) Les disciples d&rsquo;Emma\u00fcs n&rsquo;eurent conscience de sa pr\u00e9sence qu&rsquo;apr\u00e8s coup, en se rappelant quelle influence il avait exerc\u00e9e sur eux\u00a0: \u00ab\u00a0Notre c\u0153ur n&rsquo;\u00e9tait-il pas br\u00fblant\u00a0?\u00a0\u00bb (&#8230;)<\/p>\n<p>Remarquons bien \u00e0 quel moment leurs yeux s&rsquo;ouvrirent (&#8230;)\u00a0: \u00e0 la fraction du pain. Telle est en effet la disposition actuelle de l&rsquo;\u00e9vangile. Si on re\u00e7oit la gr\u00e2ce de saisir la pr\u00e9sence du Christ, on ne le reconna\u00eet que plus tard\u00a0; ce n&rsquo;est plus d\u00e9sormais que par la foi qu&rsquo;on saisit sa pr\u00e9sence. \u00c0 la place de sa pr\u00e9sence sensible, il laisse le m\u00e9morial de sa r\u00e9demption\u00a0; il se rend pr\u00e9sent dans le sacrement. Quand s&rsquo;est-il manifest\u00e9\u00a0? Lorsque, pour ainsi dire, il fait passer les siens d&rsquo;une vision sans vraie connaissance \u00e0 une authentique connaissance dans l&rsquo;invisible de la foi<\/p>\n<h3 class=\"GospelCommentaryAuthor-name commentary-author font-2\">Saint John Henry Newman (1801-1890)<\/h3>\n<p>&nbsp;<\/p>\n<p>&nbsp;<\/p>\n<p>&nbsp;<\/p>\n","protected":false},"excerpt":{"rendered":"<p>Fr\u00e8res, r\u00e9alisons ce qu&rsquo;ont \u00e9t\u00e9 les apparitions du Christ \u00e0 ses disciples apr\u00e8s sa r\u00e9surrection. Elles ont d&rsquo;autant plus d&rsquo;importance qu&rsquo;elles nous montrent qu&rsquo;une communion de ce genre avec le Christ reste encore possible\u00a0; c&rsquo;est ce genre de contact avec le Christ qui nous est donn\u00e9 actuellement. Dans cette p\u00e9riode de quarante jours qui suivit [&hellip;]<\/p>\n","protected":false},"author":2,"featured_media":0,"comment_status":"closed","ping_status":"closed","sticky":false,"template":"","format":"standard","meta":{"footnotes":""},"categories":[13,1261],"tags":[159,347,385,425,763,892],"class_list":["post-18680","post","type-post","status-publish","format-standard","hentry","category-ecritures","category-enseignement-2","tag-bienheureux-john-henry-newman","tag-emmaus","tag-eucharistie","tag-foi","tag-paques","tag-resurrection"],"_links":{"self":[{"href":"https:\/\/www.associationdemarie.org\/blog\/wp-json\/wp\/v2\/posts\/18680","targetHints":{"allow":["GET"]}}],"collection":[{"href":"https:\/\/www.associationdemarie.org\/blog\/wp-json\/wp\/v2\/posts"}],"about":[{"href":"https:\/\/www.associationdemarie.org\/blog\/wp-json\/wp\/v2\/types\/post"}],"author":[{"embeddable":true,"href":"https:\/\/www.associationdemarie.org\/blog\/wp-json\/wp\/v2\/users\/2"}],"replies":[{"embeddable":true,"href":"https:\/\/www.associationdemarie.org\/blog\/wp-json\/wp\/v2\/comments?post=18680"}],"version-history":[{"count":1,"href":"https:\/\/www.associationdemarie.org\/blog\/wp-json\/wp\/v2\/posts\/18680\/revisions"}],"predecessor-version":[{"id":18682,"href":"https:\/\/www.associationdemarie.org\/blog\/wp-json\/wp\/v2\/posts\/18680\/revisions\/18682"}],"wp:attachment":[{"href":"https:\/\/www.associationdemarie.org\/blog\/wp-json\/wp\/v2\/media?parent=18680"}],"wp:term":[{"taxonomy":"category","embeddable":true,"href":"https:\/\/www.associationdemarie.org\/blog\/wp-json\/wp\/v2\/categories?post=18680"},{"taxonomy":"post_tag","embeddable":true,"href":"https:\/\/www.associationdemarie.org\/blog\/wp-json\/wp\/v2\/tags?post=18680"}],"curies":[{"name":"wp","href":"https:\/\/api.w.org\/{rel}","templated":true}]}}