{"id":18668,"date":"2020-04-11T01:08:04","date_gmt":"2020-04-11T00:08:04","guid":{"rendered":"http:\/\/www.associationdemarie.org\/blog\/?p=18668"},"modified":"2020-03-21T17:11:04","modified_gmt":"2020-03-21T16:11:04","slug":"le-samedi-saint-veillee-pascale-2","status":"publish","type":"post","link":"https:\/\/www.associationdemarie.org\/blog\/le-samedi-saint-veillee-pascale-2\/","title":{"rendered":"Le samedi saint (Veill\u00e9e Pascale)"},"content":{"rendered":"<p><img loading=\"lazy\" decoding=\"async\" class=\"aligncenter  wp-image-18669\" src=\"https:\/\/www.associationdemarie.org\/blog\/wp-content\/uploads\/2020\/03\/images-1.jpeg\" alt=\"\" width=\"320\" height=\"213\" \/><\/p>\n<p>\u00c0 l\u2019aurore du troisi\u00e8me jour du repos sacr\u00e9 du Seigneur dans le s\u00e9pulcre (\u2026) la puissance et la Sagesse de Dieu, le Christ, ayant abattu l\u2019auteur de la mort, triompha de la mort elle-m\u00eame, il nous ouvrit l\u2019acc\u00e8s de l\u2019\u00e9ternit\u00e9 et ressuscita d\u2019entre les morts par sa puissance divine pour nous indiquer les voies de la vie.<\/p>\n<p>Alors se fit un grand tremblement de terre, l\u2019Ange du Seigneur, v\u00eatu de blanc, rapide comme l\u2019\u00e9clair, descendit du ciel et se montra doux aux bons et s\u00e9v\u00e8re aux m\u00e9chants. Aussi il \u00e9pouvanta les cruels soldats et rassura les femmes effray\u00e9es, auxquelles le Seigneur ressuscit\u00e9 apparut en premier, car elles le m\u00e9ritaient par leur vif sentiment d\u2019affection. Il apparut ensuite \u00e0 Pierre et aux autres disciples en route pour Emma\u00fcs, puis aux ap\u00f4tres sans Thomas. Il offrit \u00e0 Thomas de le toucher, alors celui-ci s\u2019exclama\u00a0: \u00ab\u00a0Mon Seigneur et mon Dieu\u00a0\u00bb. Il apparut durant quarante jours de diverses mani\u00e8res aux disciples, mangeant et buvant avec eux.<\/p>\n<p>Il \u00e9claira notre foi par des preuves, il \u00e9l\u00e8ve notre esp\u00e9rance par des promesses pour enflammer enfin par des dons c\u00e9lestes notre amour.<\/p>\n<h3 class=\"GospelCommentaryAuthor-name commentary-author font-2\">Saint Bonaventure (1221-1274)<\/h3>\n<p>&nbsp;<\/p>\n<p>&nbsp;<\/p>\n","protected":false},"excerpt":{"rendered":"<p>\u00c0 l\u2019aurore du troisi\u00e8me jour du repos sacr\u00e9 du Seigneur dans le s\u00e9pulcre (\u2026) la puissance et la Sagesse de Dieu, le Christ, ayant abattu l\u2019auteur de la mort, triompha de la mort elle-m\u00eame, il nous ouvrit l\u2019acc\u00e8s de l\u2019\u00e9ternit\u00e9 et ressuscita d\u2019entre les morts par sa puissance divine pour nous indiquer les voies de [&hellip;]<\/p>\n","protected":false},"author":2,"featured_media":0,"comment_status":"closed","ping_status":"closed","sticky":false,"template":"","format":"standard","meta":{"footnotes":""},"categories":[13,1261],"tags":[953,972,1239,1175],"class_list":["post-18668","post","type-post","status-publish","format-standard","hentry","category-ecritures","category-enseignement-2","tag-samedi-saint","tag-semaine-sainte","tag-st-bonaventure","tag-veillez"],"_links":{"self":[{"href":"https:\/\/www.associationdemarie.org\/blog\/wp-json\/wp\/v2\/posts\/18668","targetHints":{"allow":["GET"]}}],"collection":[{"href":"https:\/\/www.associationdemarie.org\/blog\/wp-json\/wp\/v2\/posts"}],"about":[{"href":"https:\/\/www.associationdemarie.org\/blog\/wp-json\/wp\/v2\/types\/post"}],"author":[{"embeddable":true,"href":"https:\/\/www.associationdemarie.org\/blog\/wp-json\/wp\/v2\/users\/2"}],"replies":[{"embeddable":true,"href":"https:\/\/www.associationdemarie.org\/blog\/wp-json\/wp\/v2\/comments?post=18668"}],"version-history":[{"count":1,"href":"https:\/\/www.associationdemarie.org\/blog\/wp-json\/wp\/v2\/posts\/18668\/revisions"}],"predecessor-version":[{"id":18670,"href":"https:\/\/www.associationdemarie.org\/blog\/wp-json\/wp\/v2\/posts\/18668\/revisions\/18670"}],"wp:attachment":[{"href":"https:\/\/www.associationdemarie.org\/blog\/wp-json\/wp\/v2\/media?parent=18668"}],"wp:term":[{"taxonomy":"category","embeddable":true,"href":"https:\/\/www.associationdemarie.org\/blog\/wp-json\/wp\/v2\/categories?post=18668"},{"taxonomy":"post_tag","embeddable":true,"href":"https:\/\/www.associationdemarie.org\/blog\/wp-json\/wp\/v2\/tags?post=18668"}],"curies":[{"name":"wp","href":"https:\/\/api.w.org\/{rel}","templated":true}]}}