{"id":18662,"date":"2020-04-09T01:46:07","date_gmt":"2020-04-09T00:46:07","guid":{"rendered":"http:\/\/www.associationdemarie.org\/blog\/?p=18662"},"modified":"2020-03-19T10:48:34","modified_gmt":"2020-03-19T09:48:34","slug":"si-je-ne-te-lave-pas-tu-nauras-point-de-part-avec-moi","status":"publish","type":"post","link":"https:\/\/www.associationdemarie.org\/blog\/si-je-ne-te-lave-pas-tu-nauras-point-de-part-avec-moi\/","title":{"rendered":"\u00ab Si je ne te lave pas, tu n&rsquo;auras point de part avec moi. \u00bb"},"content":{"rendered":"<p><img loading=\"lazy\" decoding=\"async\" class=\"aligncenter  wp-image-18663\" src=\"https:\/\/www.associationdemarie.org\/blog\/wp-content\/uploads\/2020\/03\/6a00d83451619c69e201310ff2b7d7970c.jpeg\" alt=\"\" width=\"323\" height=\"346\" srcset=\"https:\/\/www.associationdemarie.org\/blog\/wp-content\/uploads\/2020\/03\/6a00d83451619c69e201310ff2b7d7970c.jpeg 550w, https:\/\/www.associationdemarie.org\/blog\/wp-content\/uploads\/2020\/03\/6a00d83451619c69e201310ff2b7d7970c-280x300.jpeg 280w\" sizes=\"auto, (max-width: 323px) 100vw, 323px\" \/><\/p>\n<p>\u00ab\u00a0J\u00e9sus, sachant que le P\u00e8re avait tout remis entre ses mains, et qu&rsquo;il \u00e9tait sorti de Dieu et retournait \u00e0 Dieu, se l\u00e8ve de table.\u00a0\u00bb Ce qui n&rsquo;\u00e9tait pas entre les mains de J\u00e9sus auparavant est remis entre ses mains par le P\u00e8re\u00a0: non certaines choses et pas d&rsquo;autres, mais toutes. David avait dit\u00a0: \u00ab\u00a0Le Seigneur dit \u00e0 mon seigneur\u00a0: Si\u00e8ge \u00e0 ma droite jusqu&rsquo;\u00e0 ce que j&rsquo;aie mis tes ennemis comme un escabeau sous tes pieds\u00a0\u00bb (Ps 109,1). Les ennemis de J\u00e9sus faisaient parti, en effet, de ce tout qu&rsquo;il savait que son P\u00e8re lui donnait. (&#8230;) \u00c0 cause de ceux qui s&rsquo;\u00e9taient \u00e9cart\u00e9s de Dieu, il s&rsquo;est \u00e9cart\u00e9 de Dieu, lui qui de nature ne veut pas sortir du P\u00e8re. Il est sorti de Dieu afin que tout ce qui s&rsquo;est \u00e9cart\u00e9 de Dieu revienne avec lui, entre ses mains, aupr\u00e8s de Dieu, selon son dessein \u00e9ternel. (&#8230;)<\/p>\n<p>Qu&rsquo;est-ce que J\u00e9sus faisait donc en lavant les pieds des disciples\u00a0? En les lavant et en les essuyant \u00e0 l&rsquo;aide du linge dont il \u00e9tait ceint, J\u00e9sus ne rendait-il pas beaux leurs pieds au moment o\u00f9 ils allaient avoir \u00e0 annoncer la bonne nouvelle\u00a0? C&rsquo;est alors que s&rsquo;est accompli, \u00e0 mon avis, la parole proph\u00e9tique\u00a0: \u00ab\u00a0Qu&rsquo;ils sont beaux les pieds de ceux qui annoncent les bonnes nouvelles\u00a0!\u00a0\u00bb (Is 52,7\u00a0;Rm 10,15). Mais si, en lavant les pieds des disciples, J\u00e9sus les rend beaux, comment exprimer la beaut\u00e9 v\u00e9ritable en ceux qu&rsquo;il plonge tout entiers \u00ab\u00a0dans l&rsquo;Esprit Saint et le feu\u00a0\u00bb (Mt 3,11)\u00a0? Les pieds des ap\u00f4tres sont devenus beaux afin (&#8230;) qu&rsquo;ils puissent poser le pied sur la route sainte et cheminer en celui qui a dit\u00a0: \u00ab\u00a0Moi, je suis le Chemin\u00a0\u00bb (Jn 14,6). Car quiconque a eu les pieds lav\u00e9s par J\u00e9sus, et lui seul, suit ce chemin vivant et qui m\u00e8ne au P\u00e8re\u00a0; ce chemin n&rsquo;a pas de place pour des pieds souill\u00e9s. (&#8230;) Pour suivre ce chemin vivant et spirituel (He 10,20) (&#8230;), il faut avoir les pieds lav\u00e9s par J\u00e9sus qui a d\u00e9pos\u00e9 ses v\u00eatements (&#8230;) afin de prendre en son propre corps l&rsquo;impuret\u00e9 de leurs pieds avec ce linge qui \u00e9tait son seul v\u00eatement, car \u00ab\u00a0c&rsquo;est lui qui porte nos infirmit\u00e9s\u00a0\u00bb (Is 53,4).<\/p>\n<h3 class=\"GospelCommentaryAuthor-name commentary-author font-2\">Orig\u00e8ne (v. 185-253)<\/h3>\n<p>&nbsp;<\/p>\n<p>&nbsp;<\/p>\n<p>&nbsp;<\/p>\n","protected":false},"excerpt":{"rendered":"<p>\u00ab\u00a0J\u00e9sus, sachant que le P\u00e8re avait tout remis entre ses mains, et qu&rsquo;il \u00e9tait sorti de Dieu et retournait \u00e0 Dieu, se l\u00e8ve de table.\u00a0\u00bb Ce qui n&rsquo;\u00e9tait pas entre les mains de J\u00e9sus auparavant est remis entre ses mains par le P\u00e8re\u00a0: non certaines choses et pas d&rsquo;autres, mais toutes. David avait dit\u00a0: \u00ab\u00a0Le [&hellip;]<\/p>\n","protected":false},"author":2,"featured_media":0,"comment_status":"closed","ping_status":"closed","sticky":false,"template":"","format":"standard","meta":{"footnotes":""},"categories":[13,1261],"tags":[184,539,1552,742,972],"class_list":["post-18662","post","type-post","status-publish","format-standard","hentry","category-ecritures","category-enseignement-2","tag-careme","tag-jeudi-saint","tag-lavement-des-pieds","tag-origene","tag-semaine-sainte"],"_links":{"self":[{"href":"https:\/\/www.associationdemarie.org\/blog\/wp-json\/wp\/v2\/posts\/18662","targetHints":{"allow":["GET"]}}],"collection":[{"href":"https:\/\/www.associationdemarie.org\/blog\/wp-json\/wp\/v2\/posts"}],"about":[{"href":"https:\/\/www.associationdemarie.org\/blog\/wp-json\/wp\/v2\/types\/post"}],"author":[{"embeddable":true,"href":"https:\/\/www.associationdemarie.org\/blog\/wp-json\/wp\/v2\/users\/2"}],"replies":[{"embeddable":true,"href":"https:\/\/www.associationdemarie.org\/blog\/wp-json\/wp\/v2\/comments?post=18662"}],"version-history":[{"count":1,"href":"https:\/\/www.associationdemarie.org\/blog\/wp-json\/wp\/v2\/posts\/18662\/revisions"}],"predecessor-version":[{"id":18664,"href":"https:\/\/www.associationdemarie.org\/blog\/wp-json\/wp\/v2\/posts\/18662\/revisions\/18664"}],"wp:attachment":[{"href":"https:\/\/www.associationdemarie.org\/blog\/wp-json\/wp\/v2\/media?parent=18662"}],"wp:term":[{"taxonomy":"category","embeddable":true,"href":"https:\/\/www.associationdemarie.org\/blog\/wp-json\/wp\/v2\/categories?post=18662"},{"taxonomy":"post_tag","embeddable":true,"href":"https:\/\/www.associationdemarie.org\/blog\/wp-json\/wp\/v2\/tags?post=18662"}],"curies":[{"name":"wp","href":"https:\/\/api.w.org\/{rel}","templated":true}]}}