{"id":18656,"date":"2020-04-07T01:22:43","date_gmt":"2020-04-07T00:22:43","guid":{"rendered":"http:\/\/www.associationdemarie.org\/blog\/?p=18656"},"modified":"2020-03-17T10:24:56","modified_gmt":"2020-03-17T09:24:56","slug":"dieu-releve-ceux-qui-sont-renverses","status":"publish","type":"post","link":"https:\/\/www.associationdemarie.org\/blog\/dieu-releve-ceux-qui-sont-renverses\/","title":{"rendered":"Dieu rel\u00e8ve ceux qui sont renvers\u00e9s"},"content":{"rendered":"<p><img loading=\"lazy\" decoding=\"async\" class=\"aligncenter  wp-image-18657\" src=\"https:\/\/www.associationdemarie.org\/blog\/wp-content\/uploads\/2020\/03\/images.jpeg\" alt=\"\" width=\"263\" height=\"263\" srcset=\"https:\/\/www.associationdemarie.org\/blog\/wp-content\/uploads\/2020\/03\/images.jpeg 225w, https:\/\/www.associationdemarie.org\/blog\/wp-content\/uploads\/2020\/03\/images-150x150.jpeg 150w\" sizes=\"auto, (max-width: 263px) 100vw, 263px\" \/><\/p>\n<p>Si l\u2019on est vaincu apr\u00e8s avoir vaillamment lutt\u00e9, qu\u2019on ne se d\u00e9courage absolument pas, qu\u2019on ne renonce pas, mais qu\u2019on se redresse, qu\u2019on reprenne confiance en \u00e9coutant les paroles d\u2019Isa\u00efe, et qu\u2019on les chante\u00a0:\u00a0 \u00ab\u00a0Vous qui \u00e9tiez forts, vous avez \u00e9t\u00e9 vaincus, \u00f4 malins d\u00e9mons. Et si de nouveaux vous revenez en force, de nouveau vous serez vaincus. Si vous avez des projets, le Seigneur les dispersera. Car Dieu est avec nous\u00a0\u00bb (cf. Is 8,10), Dieu qui rel\u00e8ve ceux qui sont renvers\u00e9s (cf. Ps 144(145),14 LXX) et qui est toujours pr\u00eat \u00e0 briser nos ennemis d\u00e8s que nous nous repentons. (\u2026)<\/p>\n<p>Pierre re\u00e7oit d\u2019abord les clefs (cf. Mt 16,19). Puis Dieu permet qu\u2019il tombe dans le reniement (cf. Mt 26,70), pour que cette chute lui soit une le\u00e7on de prudence. Donc si toi aussi, apr\u00e8s avoir re\u00e7u les clefs de la connaissance, tu tombes en toutes sortes de pens\u00e9es, ne soit pas surpris. Mais glorifie le seul sage, notre Seigneur, lequel par ces accidents met un frein \u00e0 la pr\u00e9somption qui veut s\u2019ajouter \u00e0 la connaissance divine. Car les tentations sont un frein. Elles peuvent r\u00e9fr\u00e9ner l\u2019orgueil humain, par la providence de Dieu. (\u2026)<\/p>\n<p>D\u00e9sesp\u00e9rer est plus funeste que p\u00e9cher. Ainsi Judas le tra\u00eetre \u00e9tait faible et n\u2019avait pas l\u2019exp\u00e9rience du combat. L\u2019ennemi se jeta sur lui qui d\u00e9sesp\u00e9rait, et lui passa la corde au cou (cf. Mt 27,5). Mais Pierre, cette pierre solide, renvers\u00e9 apr\u00e8s une terrible chute, ne se laissa pas aller ni ne s\u2019abandonna au d\u00e9sespoir, car il avait l\u2019exp\u00e9rience du combat. Il se reprit. D\u2019un c\u0153ur afflig\u00e9 et humili\u00e9, il versa des larmes fort am\u00e8res (cf. Mt 26,75). Voyant cela, notre ennemi, les yeux br\u00fbl\u00e9s comme des flammes tr\u00e8s vives, recula aussit\u00f4t et s\u2019enfuit au loin en poussant de grands cris.<\/p>\n<h3 class=\"GospelCommentaryAuthor-name commentary-author font-2\">Jean Carpathios (VIIe s.)<\/h3>\n<p>&nbsp;<\/p>\n<p>&nbsp;<\/p>\n","protected":false},"excerpt":{"rendered":"<p>Si l\u2019on est vaincu apr\u00e8s avoir vaillamment lutt\u00e9, qu\u2019on ne se d\u00e9courage absolument pas, qu\u2019on ne renonce pas, mais qu\u2019on se redresse, qu\u2019on reprenne confiance en \u00e9coutant les paroles d\u2019Isa\u00efe, et qu\u2019on les chante\u00a0:\u00a0 \u00ab\u00a0Vous qui \u00e9tiez forts, vous avez \u00e9t\u00e9 vaincus, \u00f4 malins d\u00e9mons. Et si de nouveaux vous revenez en force, de nouveau [&hellip;]<\/p>\n","protected":false},"author":2,"featured_media":0,"comment_status":"closed","ping_status":"closed","sticky":false,"template":"","format":"standard","meta":{"footnotes":""},"categories":[13,1261],"tags":[184,1521,1332,972],"class_list":["post-18656","post","type-post","status-publish","format-standard","hentry","category-ecritures","category-enseignement-2","tag-careme","tag-jean-carpathios","tag-mardi-saint","tag-semaine-sainte"],"_links":{"self":[{"href":"https:\/\/www.associationdemarie.org\/blog\/wp-json\/wp\/v2\/posts\/18656","targetHints":{"allow":["GET"]}}],"collection":[{"href":"https:\/\/www.associationdemarie.org\/blog\/wp-json\/wp\/v2\/posts"}],"about":[{"href":"https:\/\/www.associationdemarie.org\/blog\/wp-json\/wp\/v2\/types\/post"}],"author":[{"embeddable":true,"href":"https:\/\/www.associationdemarie.org\/blog\/wp-json\/wp\/v2\/users\/2"}],"replies":[{"embeddable":true,"href":"https:\/\/www.associationdemarie.org\/blog\/wp-json\/wp\/v2\/comments?post=18656"}],"version-history":[{"count":1,"href":"https:\/\/www.associationdemarie.org\/blog\/wp-json\/wp\/v2\/posts\/18656\/revisions"}],"predecessor-version":[{"id":18658,"href":"https:\/\/www.associationdemarie.org\/blog\/wp-json\/wp\/v2\/posts\/18656\/revisions\/18658"}],"wp:attachment":[{"href":"https:\/\/www.associationdemarie.org\/blog\/wp-json\/wp\/v2\/media?parent=18656"}],"wp:term":[{"taxonomy":"category","embeddable":true,"href":"https:\/\/www.associationdemarie.org\/blog\/wp-json\/wp\/v2\/categories?post=18656"},{"taxonomy":"post_tag","embeddable":true,"href":"https:\/\/www.associationdemarie.org\/blog\/wp-json\/wp\/v2\/tags?post=18656"}],"curies":[{"name":"wp","href":"https:\/\/api.w.org\/{rel}","templated":true}]}}