{"id":18644,"date":"2020-04-03T01:55:06","date_gmt":"2020-04-03T00:55:06","guid":{"rendered":"http:\/\/www.associationdemarie.org\/blog\/?p=18644"},"modified":"2020-04-05T08:28:05","modified_gmt":"2020-04-05T07:28:05","slug":"saisir-le-christ","status":"publish","type":"post","link":"https:\/\/www.associationdemarie.org\/blog\/saisir-le-christ\/","title":{"rendered":"Saisir le Christ"},"content":{"rendered":"<p><img loading=\"lazy\" decoding=\"async\" class=\"aligncenter wp-image-18645\" src=\"https:\/\/www.associationdemarie.org\/blog\/wp-content\/uploads\/2020\/03\/1427305318_122151_1200x667x0.jpg\" alt=\"\" width=\"469\" height=\"312\" srcset=\"https:\/\/www.associationdemarie.org\/blog\/wp-content\/uploads\/2020\/03\/1427305318_122151_1200x667x0.jpg 1000w, https:\/\/www.associationdemarie.org\/blog\/wp-content\/uploads\/2020\/03\/1427305318_122151_1200x667x0-300x200.jpg 300w, https:\/\/www.associationdemarie.org\/blog\/wp-content\/uploads\/2020\/03\/1427305318_122151_1200x667x0-768x512.jpg 768w\" sizes=\"auto, (max-width: 469px) 100vw, 469px\" \/><\/p>\n<p>\u00ab\u00a0Si la Loi appelle ceux \u00e0 qui la parole de Dieu s&rsquo;adresse des dieux, (&#8230;) pourquoi dites-vous \u00e0 celui que le P\u00e8re a consacr\u00e9 et envoy\u00e9 dans le monde\u00a0: Tu blasph\u00e8mes\u00a0! parce que j&rsquo;ai dit\u00a0: Je suis le Fils de Dieu\u00a0?\u00a0\u00bb De fait, si Dieu a parl\u00e9 aux hommes pour qu&rsquo;ils soient appel\u00e9s des dieux, comment la Parole de Dieu, le Verbe qui est en Dieu, ne serait-il pas Dieu\u00a0? Si les hommes, parce que Dieu leur parle, sont rendus participants de sa nature et deviennent des dieux, comment cette Parole, par o\u00f9 leur vient ce don, ne serait-elle pas Dieu\u00a0? (&#8230;) Toi, tu t&rsquo;approches de la Lumi\u00e8re, et tu la re\u00e7ois, et tu comptes parmi les enfants de Dieu\u00a0; si tu t&rsquo;en \u00e9loignes, tu deviens obscur, et tu comptes parmi les fils des t\u00e9n\u00e8bres (cf 1Th 5,5). (&#8230;)<\/p>\n<p>\u00ab\u00a0Croyez les \u0153uvres. Ainsi vous reconna\u00eetrez et vous croirez que le P\u00e8re est en moi et moi dans le P\u00e8re.\u00a0\u00bb Le Fils de Dieu ne dit pas \u00ab\u00a0le P\u00e8re est en moi et moi dans le P\u00e8re\u00a0\u00bb dans le sens o\u00f9 les hommes peuvent le dire. En effet, si nos pens\u00e9es sont bonnes, nous sommes en Dieu\u00a0; si notre vie est sainte, Dieu est en nous. Lorsque nous participons \u00e0 sa gr\u00e2ce et que nous sommes \u00e9clair\u00e9s par sa lumi\u00e8re, nous sommes en lui et lui en nous. Mais (&#8230;) reconnais ce qui est propre au Seigneur et ce qui est un don fait \u00e0 son serviteur. Ce qui est propre au Seigneur c&rsquo;est l&rsquo;\u00e9galit\u00e9 avec le P\u00e8re\u00a0; le don accord\u00e9 au serviteur, c&rsquo;est de participer au Sauveur.<\/p>\n<p>\u00ab\u00a0Ils cherchaient donc \u00e0 le saisir.\u00a0\u00bb Si seulement ils l&rsquo;avaient saisi, mais par la foi et l&rsquo;intelligence, et non pour le tourmenter et le faire mourir\u00a0! En ce moment o\u00f9 je vous parle (&#8230;), tous, vous et moi, nous voulons saisir le Christ. Saisir, qu&rsquo;est-ce \u00e0 dire\u00a0? Vous avez saisi quand vous avez compris. Mais les ennemis du Christ cherchaient autre chose. Vous avez saisi pour poss\u00e9der, eux voulaient le saisir pour s&rsquo;en d\u00e9barrasser. Et parce qu&rsquo;ils voulaient le saisir ainsi, que fait J\u00e9sus\u00a0? \u00ab\u00a0Il \u00e9chappa de leurs mains.\u00a0\u00bb Ils n&rsquo;ont pas pu le saisir, parce qu&rsquo;ils n&rsquo;avaient pas les mains de la foi. (&#8230;) Nous saisissons vraiment le Christ si notre esprit saisit le Verbe.<\/p>\n<h3 class=\"GospelCommentaryAuthor-name commentary-author font-2\">Saint Augustin (354-430)<\/h3>\n<p>&nbsp;<\/p>\n<p>&nbsp;<\/p>\n<p>&nbsp;<\/p>\n","protected":false},"excerpt":{"rendered":"<p>\u00ab\u00a0Si la Loi appelle ceux \u00e0 qui la parole de Dieu s&rsquo;adresse des dieux, (&#8230;) pourquoi dites-vous \u00e0 celui que le P\u00e8re a consacr\u00e9 et envoy\u00e9 dans le monde\u00a0: Tu blasph\u00e8mes\u00a0! parce que j&rsquo;ai dit\u00a0: Je suis le Fils de Dieu\u00a0?\u00a0\u00bb De fait, si Dieu a parl\u00e9 aux hommes pour qu&rsquo;ils soient appel\u00e9s des dieux, [&hellip;]<\/p>\n","protected":false},"author":2,"featured_media":0,"comment_status":"closed","ping_status":"closed","sticky":false,"template":"","format":"standard","meta":{"footnotes":""},"categories":[13,1261],"tags":[184,771,1012,1179],"class_list":["post-18644","post","type-post","status-publish","format-standard","hentry","category-ecritures","category-enseignement-2","tag-careme","tag-parole-divine","tag-st-augustin","tag-verbe"],"_links":{"self":[{"href":"https:\/\/www.associationdemarie.org\/blog\/wp-json\/wp\/v2\/posts\/18644","targetHints":{"allow":["GET"]}}],"collection":[{"href":"https:\/\/www.associationdemarie.org\/blog\/wp-json\/wp\/v2\/posts"}],"about":[{"href":"https:\/\/www.associationdemarie.org\/blog\/wp-json\/wp\/v2\/types\/post"}],"author":[{"embeddable":true,"href":"https:\/\/www.associationdemarie.org\/blog\/wp-json\/wp\/v2\/users\/2"}],"replies":[{"embeddable":true,"href":"https:\/\/www.associationdemarie.org\/blog\/wp-json\/wp\/v2\/comments?post=18644"}],"version-history":[{"count":3,"href":"https:\/\/www.associationdemarie.org\/blog\/wp-json\/wp\/v2\/posts\/18644\/revisions"}],"predecessor-version":[{"id":18721,"href":"https:\/\/www.associationdemarie.org\/blog\/wp-json\/wp\/v2\/posts\/18644\/revisions\/18721"}],"wp:attachment":[{"href":"https:\/\/www.associationdemarie.org\/blog\/wp-json\/wp\/v2\/media?parent=18644"}],"wp:term":[{"taxonomy":"category","embeddable":true,"href":"https:\/\/www.associationdemarie.org\/blog\/wp-json\/wp\/v2\/categories?post=18644"},{"taxonomy":"post_tag","embeddable":true,"href":"https:\/\/www.associationdemarie.org\/blog\/wp-json\/wp\/v2\/tags?post=18644"}],"curies":[{"name":"wp","href":"https:\/\/api.w.org\/{rel}","templated":true}]}}