{"id":1864,"date":"2010-11-28T01:42:46","date_gmt":"2010-11-28T01:42:46","guid":{"rendered":"http:\/\/preprod.meltem-int.com\/marie\/blog\/?p=1864"},"modified":"2010-11-28T01:42:46","modified_gmt":"2010-11-28T01:42:46","slug":"premier-dimanche-de-lavent","status":"publish","type":"post","link":"https:\/\/www.associationdemarie.org\/blog\/premier-dimanche-de-lavent\/","title":{"rendered":"Premier dimanche de l&rsquo;Avent"},"content":{"rendered":"<p><strong>\u00c9vangile de J\u00e9sus-Christ selon saint Matthieu 24,37-44.<\/strong><br \/>\n<span><a href=\"https:\/\/www.associationdemarie.org\/blog\/wp-content\/uploads\/2010\/11\/noe.jpg\"><img loading=\"lazy\" decoding=\"async\" class=\"alignright size-medium wp-image-1865\" title=\"noe\" src=\"https:\/\/www.associationdemarie.org\/blog\/wp-content\/uploads\/2010\/11\/noe-257x300.jpg\" alt=\"\" width=\"206\" height=\"240\" srcset=\"https:\/\/www.associationdemarie.org\/blog\/wp-content\/uploads\/2010\/11\/noe-257x300.jpg 257w, https:\/\/www.associationdemarie.org\/blog\/wp-content\/uploads\/2010\/11\/noe.jpg 300w\" sizes=\"auto, (max-width: 206px) 100vw, 206px\" \/><\/a>J<\/span>\u00e9sus parlait \u00e0 ses disciples de sa venue\u00a0: \u00ab\u00a0L&rsquo;av\u00e8nement du Fils de l&rsquo;homme ressemblera \u00e0 ce qui s&rsquo;est pass\u00e9 \u00e0 l&rsquo;\u00e9poque de No\u00e9.<br \/>\nA cette \u00e9poque, avant le d\u00e9luge, on mangeait, on buvait, on se mariait, jusqu&rsquo;au jour o\u00f9 No\u00e9 entra dans l&rsquo;arche.<br \/>\nLes gens ne se sont dout\u00e9s de rien, jusqu&rsquo;au d\u00e9luge qui les a tous engloutis\u00a0: tel sera aussi l&rsquo;av\u00e8nement du Fils de l&rsquo;homme.<br \/>\nDeux hommes seront aux champs\u00a0: l&rsquo;un est pris, l&rsquo;autre laiss\u00e9.<br \/>\nDeux femmes seront au moulin\u00a0: l&rsquo;une est prise, l&rsquo;autre laiss\u00e9e.<br \/>\n<strong>Veillez donc, car vous ne connaissez pas le jour o\u00f9 votre Seigneur viendra. <\/strong><br \/>\nVous le savez bien\u00a0: si le ma\u00eetre de maison avait su \u00e0 quelle heure de la nuit le voleur viendrait, il aurait veill\u00e9 et n&rsquo;aurait pas laiss\u00e9 percer le mur de sa maison.<br \/>\nTenez-vous donc pr\u00eats, vous aussi\u00a0: c&rsquo;est \u00e0 l&rsquo;heure o\u00f9 vous n&rsquo;y penserez pas que le Fils de l&rsquo;homme viendra.<\/p>\n<p>Extrait de la Traduction Liturgique de la Bible &#8211; \u00a9 AELF, Paris<\/p>\n","protected":false},"excerpt":{"rendered":"<p>\u00c9vangile de J\u00e9sus-Christ selon saint Matthieu 24,37-44. J\u00e9sus parlait \u00e0 ses disciples de sa venue\u00a0: \u00ab\u00a0L&rsquo;av\u00e8nement du Fils de l&rsquo;homme ressemblera \u00e0 ce qui s&rsquo;est pass\u00e9 \u00e0 l&rsquo;\u00e9poque de No\u00e9. A cette \u00e9poque, avant le d\u00e9luge, on mangeait, on buvait, on se mariait, jusqu&rsquo;au jour o\u00f9 No\u00e9 entra dans l&rsquo;arche. Les gens ne se sont [&hellip;]<\/p>\n","protected":false},"author":2,"featured_media":0,"comment_status":"closed","ping_status":"closed","sticky":false,"template":"","format":"standard","meta":{"footnotes":""},"categories":[3,4,13],"tags":[97,149,415,714,1059,1175],"class_list":["post-1864","post","type-post","status-publish","format-standard","hentry","category-liturgique","category-iconographie","category-ecritures","tag-arche","tag-bible","tag-fils-de-lhomme","tag-noe","tag-st-matthieu","tag-veillez"],"_links":{"self":[{"href":"https:\/\/www.associationdemarie.org\/blog\/wp-json\/wp\/v2\/posts\/1864","targetHints":{"allow":["GET"]}}],"collection":[{"href":"https:\/\/www.associationdemarie.org\/blog\/wp-json\/wp\/v2\/posts"}],"about":[{"href":"https:\/\/www.associationdemarie.org\/blog\/wp-json\/wp\/v2\/types\/post"}],"author":[{"embeddable":true,"href":"https:\/\/www.associationdemarie.org\/blog\/wp-json\/wp\/v2\/users\/2"}],"replies":[{"embeddable":true,"href":"https:\/\/www.associationdemarie.org\/blog\/wp-json\/wp\/v2\/comments?post=1864"}],"version-history":[{"count":0,"href":"https:\/\/www.associationdemarie.org\/blog\/wp-json\/wp\/v2\/posts\/1864\/revisions"}],"wp:attachment":[{"href":"https:\/\/www.associationdemarie.org\/blog\/wp-json\/wp\/v2\/media?parent=1864"}],"wp:term":[{"taxonomy":"category","embeddable":true,"href":"https:\/\/www.associationdemarie.org\/blog\/wp-json\/wp\/v2\/categories?post=1864"},{"taxonomy":"post_tag","embeddable":true,"href":"https:\/\/www.associationdemarie.org\/blog\/wp-json\/wp\/v2\/tags?post=1864"}],"curies":[{"name":"wp","href":"https:\/\/api.w.org\/{rel}","templated":true}]}}