{"id":18621,"date":"2020-03-26T01:06:11","date_gmt":"2020-03-26T00:06:11","guid":{"rendered":"http:\/\/www.associationdemarie.org\/blog\/?p=18621"},"modified":"2020-03-08T11:08:10","modified_gmt":"2020-03-08T10:08:10","slug":"si-vous-croyiez-en-moise-vous-croiriez-aussi-en-moi-car-cest-de-moi-quil-a-parle","status":"publish","type":"post","link":"https:\/\/www.associationdemarie.org\/blog\/si-vous-croyiez-en-moise-vous-croiriez-aussi-en-moi-car-cest-de-moi-quil-a-parle\/","title":{"rendered":"\u00ab Si vous croyiez en Mo\u00efse, vous croiriez aussi en moi car c&rsquo;est de moi qu&rsquo;il a parl\u00e9. \u00bb"},"content":{"rendered":"<p>&nbsp;<\/p>\n<p><img loading=\"lazy\" decoding=\"async\" class=\"aligncenter  wp-image-18622\" src=\"https:\/\/www.associationdemarie.org\/blog\/wp-content\/uploads\/2020\/03\/unnamed-1-1.jpg\" alt=\"\" width=\"368\" height=\"249\" srcset=\"https:\/\/www.associationdemarie.org\/blog\/wp-content\/uploads\/2020\/03\/unnamed-1-1.jpg 512w, https:\/\/www.associationdemarie.org\/blog\/wp-content\/uploads\/2020\/03\/unnamed-1-1-300x203.jpg 300w\" sizes=\"auto, (max-width: 368px) 100vw, 368px\" \/><\/p>\n<p>Dans les premiers temps, le Seigneur, qui avait cr\u00e9\u00e9 l&rsquo;homme, parlait lui-m\u00eame \u00e0 l&rsquo;homme de telle fa\u00e7on que celui-ci pouvait l&rsquo;entendre. C&rsquo;est ainsi qu&rsquo;il conversait avec Adam (&#8230;), comme plus tard avec No\u00e9 et Abraham. Et m\u00eame, lorsque le genre humain s&rsquo;\u00e9tait pr\u00e9cipit\u00e9 dans l&rsquo;ab\u00eeme du p\u00e9ch\u00e9, Dieu n&rsquo;a pas bris\u00e9 toute relation avec lui, m\u00eame si c&rsquo;\u00e9tait n\u00e9cessairement avec moins de familiarit\u00e9, parce qu&rsquo;ils s&rsquo;en \u00e9taient rendus indignes. Il a consenti donc \u00e0 renouer avec eux des rapports de bienveillance, mais par lettres, ainsi que nous le faisons \u00e0 un ami absent\u00a0; de cette fa\u00e7on il pouvait aussi, dans sa bont\u00e9, se rattacher tout le genre humain. C&rsquo;est Mo\u00efse qui est le porteur de ces lettres que Dieu nous envoie.<\/p>\n<p>Ouvrons ces lettres\u00a0; quels en sont les premiers mots\u00a0? \u00ab\u00a0Au commencement Dieu cr\u00e9a le ciel et la terre.\u00a0\u00bb Que c&rsquo;est admirable\u00a0! (&#8230;) Mo\u00efse, qui est venu au monde bien des si\u00e8cles apr\u00e8s, a \u00e9t\u00e9 vraiment inspir\u00e9 d&rsquo;en haut pour nous raconter les merveilles que Dieu a faites \u00e0 la cr\u00e9ation du monde. (&#8230;) Ne semble-t-il pas nous dire nettement\u00a0: \u00ab\u00a0Des hommes m&rsquo;ont-ils appris ce que je vais vous r\u00e9v\u00e9ler\u00a0? Nullement, mais le Cr\u00e9ateur seul, lui qui a op\u00e9r\u00e9 ces merveilles\u00a0; c&rsquo;est lui qui dirige ma langue pour vous les apprendre. D\u00e8s lors, je vous en prie, imposez silence \u00e0 toutes les r\u00e9clamations du raisonnement humain. N&rsquo;\u00e9coutez pas ce r\u00e9cit comme s&rsquo;il n&rsquo;\u00e9tait que la parole de Moise\u00a0; c&rsquo;est Dieu lui-m\u00eame qui vous parle\u00a0; Mo\u00efse n&rsquo;est que son interpr\u00e8te.\u00a0\u00bb (&#8230;)<\/p>\n<p>Fr\u00e8res, accueillons donc la Parole de Dieu avec un c\u0153ur reconnaissant et humble. (&#8230;) Car c&rsquo;est Dieu qui a tout cr\u00e9\u00e9, c&rsquo;est lui qui pr\u00e9pare toutes choses et qui les dispose avec sagesse. (&#8230;) C&rsquo;est lui qui conduit l&rsquo;homme par ce qui est visible \u00e0 la connaissance du Cr\u00e9ateur de l&rsquo;univers. C&rsquo;est lui qui apprend \u00e0 l&rsquo;homme \u00e0 contempler l&rsquo;Ouvrier supr\u00eame dans ses \u0153uvres en sorte qu&rsquo;il sache adorer son Cr\u00e9ateur.<\/p>\n<h3 class=\"GospelCommentaryAuthor-name commentary-author font-2\">Saint Jean Chrysostome (v. 345-407)<\/h3>\n<p>&nbsp;<\/p>\n<p>&nbsp;<\/p>\n<p>&nbsp;<\/p>\n","protected":false},"excerpt":{"rendered":"<p>&nbsp; Dans les premiers temps, le Seigneur, qui avait cr\u00e9\u00e9 l&rsquo;homme, parlait lui-m\u00eame \u00e0 l&rsquo;homme de telle fa\u00e7on que celui-ci pouvait l&rsquo;entendre. C&rsquo;est ainsi qu&rsquo;il conversait avec Adam (&#8230;), comme plus tard avec No\u00e9 et Abraham. Et m\u00eame, lorsque le genre humain s&rsquo;\u00e9tait pr\u00e9cipit\u00e9 dans l&rsquo;ab\u00eeme du p\u00e9ch\u00e9, Dieu n&rsquo;a pas bris\u00e9 toute relation avec [&hellip;]<\/p>\n","protected":false},"author":2,"featured_media":0,"comment_status":"closed","ping_status":"closed","sticky":false,"template":"","format":"standard","meta":{"footnotes":""},"categories":[13,1261],"tags":[448,683,771,1043],"class_list":["post-18621","post","type-post","status-publish","format-standard","hentry","category-ecritures","category-enseignement-2","tag-genese","tag-moise","tag-parole-divine","tag-st-jean-chrysostome"],"_links":{"self":[{"href":"https:\/\/www.associationdemarie.org\/blog\/wp-json\/wp\/v2\/posts\/18621","targetHints":{"allow":["GET"]}}],"collection":[{"href":"https:\/\/www.associationdemarie.org\/blog\/wp-json\/wp\/v2\/posts"}],"about":[{"href":"https:\/\/www.associationdemarie.org\/blog\/wp-json\/wp\/v2\/types\/post"}],"author":[{"embeddable":true,"href":"https:\/\/www.associationdemarie.org\/blog\/wp-json\/wp\/v2\/users\/2"}],"replies":[{"embeddable":true,"href":"https:\/\/www.associationdemarie.org\/blog\/wp-json\/wp\/v2\/comments?post=18621"}],"version-history":[{"count":1,"href":"https:\/\/www.associationdemarie.org\/blog\/wp-json\/wp\/v2\/posts\/18621\/revisions"}],"predecessor-version":[{"id":18623,"href":"https:\/\/www.associationdemarie.org\/blog\/wp-json\/wp\/v2\/posts\/18621\/revisions\/18623"}],"wp:attachment":[{"href":"https:\/\/www.associationdemarie.org\/blog\/wp-json\/wp\/v2\/media?parent=18621"}],"wp:term":[{"taxonomy":"category","embeddable":true,"href":"https:\/\/www.associationdemarie.org\/blog\/wp-json\/wp\/v2\/categories?post=18621"},{"taxonomy":"post_tag","embeddable":true,"href":"https:\/\/www.associationdemarie.org\/blog\/wp-json\/wp\/v2\/tags?post=18621"}],"curies":[{"name":"wp","href":"https:\/\/api.w.org\/{rel}","templated":true}]}}