{"id":186,"date":"2009-04-04T20:05:14","date_gmt":"2009-04-04T20:05:14","guid":{"rendered":"http:\/\/preprod.meltem-int.com\/marie\/blog\/?p=186"},"modified":"2009-04-04T20:05:14","modified_gmt":"2009-04-04T20:05:14","slug":"vendredi-21-aout-2","status":"publish","type":"post","link":"https:\/\/www.associationdemarie.org\/blog\/vendredi-21-aout-2\/","title":{"rendered":"vendredi 21 ao\u00fbt"},"content":{"rendered":"<p><img loading=\"lazy\" decoding=\"async\" class=\"alignright size-full wp-image-185\" title=\"San-Damiano\" src=\"https:\/\/www.associationdemarie.org\/blog\/wp-content\/uploads\/2009\/05\/san-damiano.jpg\" alt=\"San-Damiano\" width=\"137\" height=\"250\" \/>San Damiano<\/p>\n<p>Le 29 septembre 1961, en la f\u00eate de Saint Michel Archange, dans un petit village du Nord de l&rsquo;Italie, San Damiano, une humble m\u00e8re de famille mourante, Rosa Quattrini, se trouve soudainement gu\u00e9rie chez elle, par une jeune visiteuse.<br \/>\nEn mai 1962, la jeune femme se fait conna\u00eetre \u00e0 Rosa comme \u00ab\u00a0M\u00e8re de la consolation et des afflig\u00e9s\u00a0\u00bb, lors de son p\u00e8lerinage \u00e0 San Giovanni Rotondo chez le Padre Pio.<br \/>\nLe 16 octobre 1964, la Tr\u00e8s Sainte Vierge appara\u00eet \u00e0 Rosa pour la premi\u00e8re fois dans son jardin, au-dessus du poirier, et lui donne le PREMIER MESSAGE qu&rsquo;elle est charg\u00e9e de transmettre au monde entier.<br \/>\nA partir de ce jour commence la grande mission de Mamma Rosa. La Tr\u00e8s Sainte Vierge lui appara\u00eetra continuellement et lui donnera de tr\u00e8s nombreux messages adress\u00e9s au monde entier, jusqu&rsquo;\u00e0 sa mort, en 1981.<\/p>\n","protected":false},"excerpt":{"rendered":"<p>San Damiano Le 29 septembre 1961, en la f\u00eate de Saint Michel Archange, dans un petit village du Nord de l&rsquo;Italie, San Damiano, une humble m\u00e8re de famille mourante, Rosa Quattrini, se trouve soudainement gu\u00e9rie chez elle, par une jeune visiteuse. En mai 1962, la jeune femme se fait conna\u00eetre \u00e0 Rosa comme \u00ab\u00a0M\u00e8re de [&hellip;]<\/p>\n","protected":false},"author":1,"featured_media":0,"comment_status":"closed","ping_status":"closed","sticky":false,"template":"","format":"standard","meta":{"footnotes":""},"categories":[25],"tags":[954],"class_list":["post-186","post","type-post","status-publish","format-standard","hentry","category-pelerinage","tag-san-damiano"],"_links":{"self":[{"href":"https:\/\/www.associationdemarie.org\/blog\/wp-json\/wp\/v2\/posts\/186","targetHints":{"allow":["GET"]}}],"collection":[{"href":"https:\/\/www.associationdemarie.org\/blog\/wp-json\/wp\/v2\/posts"}],"about":[{"href":"https:\/\/www.associationdemarie.org\/blog\/wp-json\/wp\/v2\/types\/post"}],"author":[{"embeddable":true,"href":"https:\/\/www.associationdemarie.org\/blog\/wp-json\/wp\/v2\/users\/1"}],"replies":[{"embeddable":true,"href":"https:\/\/www.associationdemarie.org\/blog\/wp-json\/wp\/v2\/comments?post=186"}],"version-history":[{"count":0,"href":"https:\/\/www.associationdemarie.org\/blog\/wp-json\/wp\/v2\/posts\/186\/revisions"}],"wp:attachment":[{"href":"https:\/\/www.associationdemarie.org\/blog\/wp-json\/wp\/v2\/media?parent=186"}],"wp:term":[{"taxonomy":"category","embeddable":true,"href":"https:\/\/www.associationdemarie.org\/blog\/wp-json\/wp\/v2\/categories?post=186"},{"taxonomy":"post_tag","embeddable":true,"href":"https:\/\/www.associationdemarie.org\/blog\/wp-json\/wp\/v2\/tags?post=186"}],"curies":[{"name":"wp","href":"https:\/\/api.w.org\/{rel}","templated":true}]}}