{"id":18595,"date":"2020-03-21T01:09:04","date_gmt":"2020-03-21T00:09:04","guid":{"rendered":"http:\/\/www.associationdemarie.org\/blog\/?p=18595"},"modified":"2020-03-03T08:10:37","modified_gmt":"2020-03-03T07:10:37","slug":"prends-pitie-du-pecheur-que-je-suis","status":"publish","type":"post","link":"https:\/\/www.associationdemarie.org\/blog\/prends-pitie-du-pecheur-que-je-suis\/","title":{"rendered":"\u00ab Prends piti\u00e9 du p\u00e9cheur que je suis. \u00bb"},"content":{"rendered":"<p><img loading=\"lazy\" decoding=\"async\" class=\"aligncenter size-full wp-image-18596\" src=\"https:\/\/www.associationdemarie.org\/blog\/wp-content\/uploads\/2020\/03\/unnamed-1.jpg\" alt=\"\" width=\"330\" height=\"398\" srcset=\"https:\/\/www.associationdemarie.org\/blog\/wp-content\/uploads\/2020\/03\/unnamed-1.jpg 330w, https:\/\/www.associationdemarie.org\/blog\/wp-content\/uploads\/2020\/03\/unnamed-1-249x300.jpg 249w\" sizes=\"auto, (max-width: 330px) 100vw, 330px\" \/><\/p>\n<p>Il est capital que tu insistes sur ce qui est la base de la saintet\u00e9 et le fondement de la bont\u00e9, je veux parler de la vertu par laquelle J\u00e9sus se pr\u00e9sente explicitement comme mod\u00e8le\u00a0: l&rsquo;humilit\u00e9 (Mt 11,29). L&rsquo;humilit\u00e9 int\u00e9rieure\u00a0; plus int\u00e9rieure qu&rsquo;ext\u00e9rieure. Reconnais qui tu es v\u00e9ritablement\u00a0: un rien, bien mis\u00e9rable, faible, p\u00e9tri de d\u00e9fauts, capable de changer le bien en mal, d&rsquo;abandonner le bien pour le mal, de t&rsquo;attribuer le bien et de te justifier dans le mal, et par amour de ce mal, de m\u00e9priser Celui qui est le bien supr\u00eame.<\/p>\n<p>Ne te mets jamais au lit sans avoir au pr\u00e9alable examin\u00e9 en conscience comment tu as pass\u00e9 ta journ\u00e9e. Tourne toutes tes pens\u00e9es vers le Seigneur, et consacre-lui ta personne ainsi que tous les chr\u00e9tiens. Puis offre \u00e0 sa gloire le repos que tu vas prendre, sans jamais oublier ton ange gardien, qui se tient en permanence \u00e0 tes c\u00f4t\u00e9s.<\/p>\n<h3 class=\"GospelCommentaryAuthor-name commentary-author font-2\">Saint [Padre] Pio de Pietrelcina (1887-1968)<\/h3>\n<p>&nbsp;<\/p>\n<p>&nbsp;<\/p>\n<p>&nbsp;<\/p>\n","protected":false},"excerpt":{"rendered":"<p>Il est capital que tu insistes sur ce qui est la base de la saintet\u00e9 et le fondement de la bont\u00e9, je veux parler de la vertu par laquelle J\u00e9sus se pr\u00e9sente explicitement comme mod\u00e8le\u00a0: l&rsquo;humilit\u00e9 (Mt 11,29). L&rsquo;humilit\u00e9 int\u00e9rieure\u00a0; plus int\u00e9rieure qu&rsquo;ext\u00e9rieure. Reconnais qui tu es v\u00e9ritablement\u00a0: un rien, bien mis\u00e9rable, faible, p\u00e9tri de [&hellip;]<\/p>\n","protected":false},"author":2,"featured_media":0,"comment_status":"closed","ping_status":"closed","sticky":false,"template":"","format":"standard","meta":{"footnotes":""},"categories":[26,28],"tags":[487,1367,830,1067],"class_list":["post-18595","post","type-post","status-publish","format-standard","hentry","category-priere-des-ames","category-saints-et-saintes","tag-humilite","tag-pecheurs","tag-priere","tag-st-padre-pio"],"_links":{"self":[{"href":"https:\/\/www.associationdemarie.org\/blog\/wp-json\/wp\/v2\/posts\/18595","targetHints":{"allow":["GET"]}}],"collection":[{"href":"https:\/\/www.associationdemarie.org\/blog\/wp-json\/wp\/v2\/posts"}],"about":[{"href":"https:\/\/www.associationdemarie.org\/blog\/wp-json\/wp\/v2\/types\/post"}],"author":[{"embeddable":true,"href":"https:\/\/www.associationdemarie.org\/blog\/wp-json\/wp\/v2\/users\/2"}],"replies":[{"embeddable":true,"href":"https:\/\/www.associationdemarie.org\/blog\/wp-json\/wp\/v2\/comments?post=18595"}],"version-history":[{"count":1,"href":"https:\/\/www.associationdemarie.org\/blog\/wp-json\/wp\/v2\/posts\/18595\/revisions"}],"predecessor-version":[{"id":18597,"href":"https:\/\/www.associationdemarie.org\/blog\/wp-json\/wp\/v2\/posts\/18595\/revisions\/18597"}],"wp:attachment":[{"href":"https:\/\/www.associationdemarie.org\/blog\/wp-json\/wp\/v2\/media?parent=18595"}],"wp:term":[{"taxonomy":"category","embeddable":true,"href":"https:\/\/www.associationdemarie.org\/blog\/wp-json\/wp\/v2\/categories?post=18595"},{"taxonomy":"post_tag","embeddable":true,"href":"https:\/\/www.associationdemarie.org\/blog\/wp-json\/wp\/v2\/tags?post=18595"}],"curies":[{"name":"wp","href":"https:\/\/api.w.org\/{rel}","templated":true}]}}