{"id":18582,"date":"2020-03-17T01:12:39","date_gmt":"2020-03-17T00:12:39","guid":{"rendered":"http:\/\/www.associationdemarie.org\/blog\/?p=18582"},"modified":"2020-02-28T10:15:33","modified_gmt":"2020-02-28T09:15:33","slug":"saint-patrick-eveque-apotre-de-lirlande-385-461","status":"publish","type":"post","link":"https:\/\/www.associationdemarie.org\/blog\/saint-patrick-eveque-apotre-de-lirlande-385-461\/","title":{"rendered":"Saint Patrick, \u00c9v\u00eaque \u00ab Ap\u00f4tre de l&rsquo;Irlande \u00bb  (385-461)"},"content":{"rendered":"<p><img loading=\"lazy\" decoding=\"async\" class=\"aligncenter size-full wp-image-18583\" src=\"https:\/\/www.associationdemarie.org\/blog\/wp-content\/uploads\/2020\/02\/San_Patrizio_AC.jpg\" alt=\"\" width=\"300\" height=\"391\" srcset=\"https:\/\/www.associationdemarie.org\/blog\/wp-content\/uploads\/2020\/02\/San_Patrizio_AC.jpg 300w, https:\/\/www.associationdemarie.org\/blog\/wp-content\/uploads\/2020\/02\/San_Patrizio_AC-230x300.jpg 230w\" sizes=\"auto, (max-width: 300px) 100vw, 300px\" \/><\/p>\n<p><strong>P<\/strong>atrick, jeune gallois d&rsquo;une famille chr\u00e9tienne, \u00e0 16 ans est enlev\u00e9 par des pirates et vendu comme esclave en Irlande. Il y passe six ans puis s&rsquo;enfuit et retrouve ses parents.<\/p>\n<p>Apr\u00e8s un s\u00e9jour en France o\u00f9 il est consacr\u00e9 \u00e9v\u00eaque, il se sent appel\u00e9 \u00e0 revenir dans cette Irlande de sa servitude pour l&rsquo;\u00e9vang\u00e9liser. Il y d\u00e9barque en 432 et multiplie pr\u00e9dications et conversions dans une population dont, par force, il conna\u00eet bien les coutumes et la langue.<\/p>\n<p>Au Rock de Cashel, lors d&rsquo;un sermon demeur\u00e9 c\u00e9l\u00e8bre, il montra une feuille de tr\u00e8fle\u00a0: \u00ab\u00a0<em>Voil\u00e0 la figure de la Sainte Trinit\u00e9\u00a0<\/em>\u00bb. Les figures de triades \u00e9taient famili\u00e8res \u00e0 la religion celtique\u00a0: le tr\u00e8fle deviendra le symbole de l&rsquo;Irlande. On pense que la plupart des druides devinrent moines, adoptant la religion chr\u00e9tienne pr\u00e9sent\u00e9e avec tant de finesse et de conviction.<\/p>\n<p>Lorsque meurt Patrick, \u00e0 Armagh, l&rsquo;Irlande est chr\u00e9tienne sans avoir compt\u00e9 un seul martyr et les monast\u00e8res y sont tr\u00e8s nombreux.<\/p>\n<p>\u00ab\u00a0<em>Saint Patrick fut le premier Primat d&rsquo;Irlande. Mais il fut surtout celui qui sut mettre dans l&rsquo;\u00e2me irlandaise une tradition religieuse si profonde que chaque chr\u00e9tien en Irlande peut \u00e0 juste titre se dire l&rsquo;h\u00e9ritier de saint Patrick. C&rsquo;\u00e9tait un Irlandais authentique, c&rsquo;\u00e9tait un chr\u00e9tien authentique: le peuple irlandais a su garder intact cet h\u00e9ritage \u00e0 travers des si\u00e8cles de d\u00e9fis, de souffrances et de bouleversements sociaux et politiques, devenant ainsi un exemple pour tous ceux qui croient que le Message du Christ d\u00e9veloppe et renforce les aspirations les plus profondes des peuples \u00e0 la dignit\u00e9, \u00e0 l&rsquo;union fraternelle et \u00e0 la v\u00e9rit\u00e9.\u00a0<\/em>\u00bb \u00a0(<a href=\"http:\/\/www.vatican.va\/holy_father\/john_paul_ii\/speeches\/1979\/september\/documents\/hf_jp-ii_spe_19790929_irlanda-dublino-corpo-diplom_fr.html\">discours au Corps diplomatique &#8211; saint Jean-Paul II &#8211; 29 septembre 1979<\/a>)<\/p>\n<p>&nbsp;<\/p>\n<p>&nbsp;<\/p>\n","protected":false},"excerpt":{"rendered":"<p>Patrick, jeune gallois d&rsquo;une famille chr\u00e9tienne, \u00e0 16 ans est enlev\u00e9 par des pirates et vendu comme esclave en Irlande. Il y passe six ans puis s&rsquo;enfuit et retrouve ses parents. Apr\u00e8s un s\u00e9jour en France o\u00f9 il est consacr\u00e9 \u00e9v\u00eaque, il se sent appel\u00e9 \u00e0 revenir dans cette Irlande de sa servitude pour l&rsquo;\u00e9vang\u00e9liser. [&hellip;]<\/p>\n","protected":false},"author":2,"featured_media":0,"comment_status":"closed","ping_status":"closed","sticky":false,"template":"","format":"standard","meta":{"footnotes":""},"categories":[3,28],"tags":[1253,1282],"class_list":["post-18582","post","type-post","status-publish","format-standard","hentry","category-liturgique","category-saints-et-saintes","tag-st-jean-paul-2","tag-st-patrick"],"_links":{"self":[{"href":"https:\/\/www.associationdemarie.org\/blog\/wp-json\/wp\/v2\/posts\/18582","targetHints":{"allow":["GET"]}}],"collection":[{"href":"https:\/\/www.associationdemarie.org\/blog\/wp-json\/wp\/v2\/posts"}],"about":[{"href":"https:\/\/www.associationdemarie.org\/blog\/wp-json\/wp\/v2\/types\/post"}],"author":[{"embeddable":true,"href":"https:\/\/www.associationdemarie.org\/blog\/wp-json\/wp\/v2\/users\/2"}],"replies":[{"embeddable":true,"href":"https:\/\/www.associationdemarie.org\/blog\/wp-json\/wp\/v2\/comments?post=18582"}],"version-history":[{"count":1,"href":"https:\/\/www.associationdemarie.org\/blog\/wp-json\/wp\/v2\/posts\/18582\/revisions"}],"predecessor-version":[{"id":18584,"href":"https:\/\/www.associationdemarie.org\/blog\/wp-json\/wp\/v2\/posts\/18582\/revisions\/18584"}],"wp:attachment":[{"href":"https:\/\/www.associationdemarie.org\/blog\/wp-json\/wp\/v2\/media?parent=18582"}],"wp:term":[{"taxonomy":"category","embeddable":true,"href":"https:\/\/www.associationdemarie.org\/blog\/wp-json\/wp\/v2\/categories?post=18582"},{"taxonomy":"post_tag","embeddable":true,"href":"https:\/\/www.associationdemarie.org\/blog\/wp-json\/wp\/v2\/tags?post=18582"}],"curies":[{"name":"wp","href":"https:\/\/api.w.org\/{rel}","templated":true}]}}