{"id":18568,"date":"2020-03-14T01:36:54","date_gmt":"2020-03-14T00:36:54","guid":{"rendered":"http:\/\/www.associationdemarie.org\/blog\/?p=18568"},"modified":"2020-02-25T09:38:59","modified_gmt":"2020-02-25T08:38:59","slug":"vite-apportez-le-plus-beau-vetement-pour-lhabiller","status":"publish","type":"post","link":"https:\/\/www.associationdemarie.org\/blog\/vite-apportez-le-plus-beau-vetement-pour-lhabiller\/","title":{"rendered":"\u00ab Vite, apportez le plus beau v\u00eatement pour l\u2019habiller. \u00bb"},"content":{"rendered":"<p><a href=\"https:\/\/www.associationdemarie.org\/blog\/wp-content\/uploads\/2020\/02\/Fils-Prodigue-450.jpg\"><img loading=\"lazy\" decoding=\"async\" class=\"aligncenter size-full wp-image-18569\" src=\"https:\/\/www.associationdemarie.org\/blog\/wp-content\/uploads\/2020\/02\/Fils-Prodigue-450.jpg\" alt=\"\" width=\"324\" height=\"450\" srcset=\"https:\/\/www.associationdemarie.org\/blog\/wp-content\/uploads\/2020\/02\/Fils-Prodigue-450.jpg 324w, https:\/\/www.associationdemarie.org\/blog\/wp-content\/uploads\/2020\/02\/Fils-Prodigue-450-216x300.jpg 216w\" sizes=\"auto, (max-width: 324px) 100vw, 324px\" \/><\/a><\/p>\n<p>Nombreux sont ceux qui, par la p\u00e9nitence, ont m\u00e9rit\u00e9 l&rsquo;amour que tu as pour l&rsquo;homme. Tu as rendu justes le publicain g\u00e9missant et la p\u00e9cheresse pleurante (Lc 18,14; 7,50), car, par un dessein pr\u00e9\u00e9tabli, tu pr\u00e9vois et tu accordes le pardon. Avec ceux-l\u00e0 convertis-moi aussi, puisque tu es riche d&rsquo;une multitude de mis\u00e9ricordes, toi qui veux que tous les hommes soient sauv\u00e9s.<\/p>\n<p>Mon \u00e2me s&rsquo;est souill\u00e9e en rev\u00eatant la tunique de mes fautes (Gn 3,21). Mais toi, accorde-moi de faire couler de mes yeux des fontaines, afin que je la purifie par la contrition. Rev\u00eats-moi de la robe \u00e9clatante, digne de tes noces (Mt 22,12), toi qui veux que tous les hommes soient sauv\u00e9s\u2026<\/p>\n<p>Aie compassion de mon cri comme tu l&rsquo;as fait pour le fils prodigue, P\u00e8re c\u00e9leste, car moi aussi je me jette \u00e0 tes pieds, et je crie comme il a cri\u00e9 : \u00ab P\u00e8re, j&rsquo;ai p\u00e9ch\u00e9 ! \u00bb Ne me repousse pas, mon Sauveur, moi ton enfant indigne, mais fais que tes anges se r\u00e9jouissent aussi pour moi, Dieu bon qui veux que tous les hommes soient sauv\u00e9s.<\/p>\n<p>Car tu as fait de moi ton fils et ton propre h\u00e9ritier par la gr\u00e2ce (Rm 8,17). Mais moi, pour t&rsquo;avoir offens\u00e9, me voici prisonnier, esclave vendu au p\u00e9ch\u00e9, et malheureux ! Prends en piti\u00e9 ton image (Gn 1,26) et rappelle-la de l&rsquo;exil, Sauveur, toi qui veux que tous les hommes soient sauv\u00e9s\u2026<\/p>\n<p>C&rsquo;est maintenant le temps du repentir\u2026 La parole de Paul me pousse \u00e0 pers\u00e9v\u00e9rer dans la pri\u00e8re (Col 4,2) et \u00e0 t&rsquo;attendre. C&rsquo;est donc avec confiance que je te prie, car je connais bien ta mis\u00e9ricorde, je sais que tu viens \u00e0 moi le premier, et j&rsquo;appelle au secours. Si tu tardes, c&rsquo;est pour me donner le salaire de la pers\u00e9v\u00e9rance, toi qui veux que tous les hommes soient sauv\u00e9s.<\/p>\n<h3 class=\"GospelCommentaryAuthor-name commentary-author font-2\">Saint Romanos le M\u00e9lode<\/h3>\n<p>&nbsp;<\/p>\n<p>&nbsp;<\/p>\n<p>&nbsp;<\/p>\n","protected":false},"excerpt":{"rendered":"<p>Nombreux sont ceux qui, par la p\u00e9nitence, ont m\u00e9rit\u00e9 l&rsquo;amour que tu as pour l&rsquo;homme. Tu as rendu justes le publicain g\u00e9missant et la p\u00e9cheresse pleurante (Lc 18,14; 7,50), car, par un dessein pr\u00e9\u00e9tabli, tu pr\u00e9vois et tu accordes le pardon. Avec ceux-l\u00e0 convertis-moi aussi, puisque tu es riche d&rsquo;une multitude de mis\u00e9ricordes, toi qui [&hellip;]<\/p>\n","protected":false},"author":2,"featured_media":0,"comment_status":"closed","ping_status":"closed","sticky":false,"template":"","format":"standard","meta":{"footnotes":""},"categories":[13,1261,26],"tags":[418,830,1077],"class_list":["post-18568","post","type-post","status-publish","format-standard","hentry","category-ecritures","category-enseignement-2","category-priere-des-ames","tag-fils-prodigue","tag-priere","tag-st-romanos-le-melode"],"_links":{"self":[{"href":"https:\/\/www.associationdemarie.org\/blog\/wp-json\/wp\/v2\/posts\/18568","targetHints":{"allow":["GET"]}}],"collection":[{"href":"https:\/\/www.associationdemarie.org\/blog\/wp-json\/wp\/v2\/posts"}],"about":[{"href":"https:\/\/www.associationdemarie.org\/blog\/wp-json\/wp\/v2\/types\/post"}],"author":[{"embeddable":true,"href":"https:\/\/www.associationdemarie.org\/blog\/wp-json\/wp\/v2\/users\/2"}],"replies":[{"embeddable":true,"href":"https:\/\/www.associationdemarie.org\/blog\/wp-json\/wp\/v2\/comments?post=18568"}],"version-history":[{"count":1,"href":"https:\/\/www.associationdemarie.org\/blog\/wp-json\/wp\/v2\/posts\/18568\/revisions"}],"predecessor-version":[{"id":18570,"href":"https:\/\/www.associationdemarie.org\/blog\/wp-json\/wp\/v2\/posts\/18568\/revisions\/18570"}],"wp:attachment":[{"href":"https:\/\/www.associationdemarie.org\/blog\/wp-json\/wp\/v2\/media?parent=18568"}],"wp:term":[{"taxonomy":"category","embeddable":true,"href":"https:\/\/www.associationdemarie.org\/blog\/wp-json\/wp\/v2\/categories?post=18568"},{"taxonomy":"post_tag","embeddable":true,"href":"https:\/\/www.associationdemarie.org\/blog\/wp-json\/wp\/v2\/tags?post=18568"}],"curies":[{"name":"wp","href":"https:\/\/api.w.org\/{rel}","templated":true}]}}