{"id":18521,"date":"2020-02-28T01:48:48","date_gmt":"2020-02-28T00:48:48","guid":{"rendered":"http:\/\/www.associationdemarie.org\/blog\/?p=18521"},"modified":"2020-02-10T08:50:49","modified_gmt":"2020-02-10T07:50:49","slug":"vivre-pour-le-louer","status":"publish","type":"post","link":"https:\/\/www.associationdemarie.org\/blog\/vivre-pour-le-louer\/","title":{"rendered":"Vivre pour le louer"},"content":{"rendered":"<p><a href=\"https:\/\/www.associationdemarie.org\/blog\/wp-content\/uploads\/2020\/02\/louange-9a22a.jpg\"><img loading=\"lazy\" decoding=\"async\" class=\"aligncenter  wp-image-18522\" src=\"https:\/\/www.associationdemarie.org\/blog\/wp-content\/uploads\/2020\/02\/louange-9a22a.jpg\" alt=\"\" width=\"350\" height=\"317\" srcset=\"https:\/\/www.associationdemarie.org\/blog\/wp-content\/uploads\/2020\/02\/louange-9a22a.jpg 400w, https:\/\/www.associationdemarie.org\/blog\/wp-content\/uploads\/2020\/02\/louange-9a22a-300x272.jpg 300w\" sizes=\"auto, (max-width: 350px) 100vw, 350px\" \/><\/a><\/p>\n<p>Pour chacune de nous, pourvu qu&rsquo;elle soit saine et valide, le je\u00fbne devrait \u00eatre perp\u00e9tuel. Les jeudis ordinaires, le je\u00fbne est laiss\u00e9 au gr\u00e9 de chaque s\u0153ur, et celle qui pr\u00e9f\u00e9rerait ne pas je\u00fbner doit \u00eatre laiss\u00e9e libre. Quant \u00e0 nous qui nous portons bien, nous je\u00fbnons tous les jours sauf le dimanche et le jour de No\u00ebl. Nous ne sommes pas non plus oblig\u00e9es de je\u00fbner durant le temps pascal, ainsi que nous le savons par un billet de saint Fran\u00e7ois, ni aux f\u00eates de sainte Marie et des saints Ap\u00f4tres, \u00e0 moins qu&rsquo;elles ne tombent un vendredi. Comme je l&rsquo;ai dit plus haut, nous qui sommes bien portantes et valides, nous nous contentons chaque jour des seuls aliments permis en car\u00eame.<\/p>\n<p>Cependant, nous n&rsquo;avons pas un corps d&rsquo;acier ni une solidit\u00e9 de granit\u00a0; nous sommes faibles et sujettes aux infirmit\u00e9s de la nature. Aussi je te prie, s\u0153ur bien-aim\u00e9e, de mod\u00e9rer avec sagesse et discernement la rigueur exag\u00e9r\u00e9e de ton abstinence dont j&rsquo;ai eu des \u00e9chos. Et je te demande dans le Seigneur de vivre pour le louer, de rendre raisonnables les hommages que tu lui rends, et de toujours assaisonner ton sacrifice du sel de la sagesse.<\/p>\n<p>Je te souhaite une sant\u00e9 aussi bonne que je puis le d\u00e9sirer pour moi-m\u00eame.<\/p>\n<h3 class=\"GospelCommentaryAuthor-name commentary-author font-2\">Sainte Claire d&rsquo;Assise (1193-1252)<\/h3>\n<p>&nbsp;<\/p>\n<p>&nbsp;<\/p>\n<p>&nbsp;<\/p>\n","protected":false},"excerpt":{"rendered":"<p>Pour chacune de nous, pourvu qu&rsquo;elle soit saine et valide, le je\u00fbne devrait \u00eatre perp\u00e9tuel. Les jeudis ordinaires, le je\u00fbne est laiss\u00e9 au gr\u00e9 de chaque s\u0153ur, et celle qui pr\u00e9f\u00e9rerait ne pas je\u00fbner doit \u00eatre laiss\u00e9e libre. Quant \u00e0 nous qui nous portons bien, nous je\u00fbnons tous les jours sauf le dimanche et le [&hellip;]<\/p>\n","protected":false},"author":2,"featured_media":0,"comment_status":"closed","ping_status":"closed","sticky":false,"template":"","format":"standard","meta":{"footnotes":""},"categories":[13,1261,26],"tags":[184,540,592,1090],"class_list":["post-18521","post","type-post","status-publish","format-standard","hentry","category-ecritures","category-enseignement-2","category-priere-des-ames","tag-careme","tag-jeune","tag-louange","tag-ste-claire"],"_links":{"self":[{"href":"https:\/\/www.associationdemarie.org\/blog\/wp-json\/wp\/v2\/posts\/18521","targetHints":{"allow":["GET"]}}],"collection":[{"href":"https:\/\/www.associationdemarie.org\/blog\/wp-json\/wp\/v2\/posts"}],"about":[{"href":"https:\/\/www.associationdemarie.org\/blog\/wp-json\/wp\/v2\/types\/post"}],"author":[{"embeddable":true,"href":"https:\/\/www.associationdemarie.org\/blog\/wp-json\/wp\/v2\/users\/2"}],"replies":[{"embeddable":true,"href":"https:\/\/www.associationdemarie.org\/blog\/wp-json\/wp\/v2\/comments?post=18521"}],"version-history":[{"count":1,"href":"https:\/\/www.associationdemarie.org\/blog\/wp-json\/wp\/v2\/posts\/18521\/revisions"}],"predecessor-version":[{"id":18523,"href":"https:\/\/www.associationdemarie.org\/blog\/wp-json\/wp\/v2\/posts\/18521\/revisions\/18523"}],"wp:attachment":[{"href":"https:\/\/www.associationdemarie.org\/blog\/wp-json\/wp\/v2\/media?parent=18521"}],"wp:term":[{"taxonomy":"category","embeddable":true,"href":"https:\/\/www.associationdemarie.org\/blog\/wp-json\/wp\/v2\/categories?post=18521"},{"taxonomy":"post_tag","embeddable":true,"href":"https:\/\/www.associationdemarie.org\/blog\/wp-json\/wp\/v2\/tags?post=18521"}],"curies":[{"name":"wp","href":"https:\/\/api.w.org\/{rel}","templated":true}]}}