{"id":18518,"date":"2020-02-27T01:46:15","date_gmt":"2020-02-27T00:46:15","guid":{"rendered":"http:\/\/www.associationdemarie.org\/blog\/?p=18518"},"modified":"2020-02-09T11:48:46","modified_gmt":"2020-02-09T10:48:46","slug":"le-renoncement-a-soi-meme","status":"publish","type":"post","link":"https:\/\/www.associationdemarie.org\/blog\/le-renoncement-a-soi-meme\/","title":{"rendered":"Le renoncement \u00e0 soi-m\u00eame"},"content":{"rendered":"<p><a href=\"https:\/\/www.associationdemarie.org\/blog\/wp-content\/uploads\/2020\/02\/photo-1441716844725-09cedc13a4e7.jpg\"><img loading=\"lazy\" decoding=\"async\" class=\"aligncenter wp-image-18519\" src=\"https:\/\/www.associationdemarie.org\/blog\/wp-content\/uploads\/2020\/02\/photo-1441716844725-09cedc13a4e7.jpg\" alt=\"\" width=\"411\" height=\"274\" srcset=\"https:\/\/www.associationdemarie.org\/blog\/wp-content\/uploads\/2020\/02\/photo-1441716844725-09cedc13a4e7.jpg 900w, https:\/\/www.associationdemarie.org\/blog\/wp-content\/uploads\/2020\/02\/photo-1441716844725-09cedc13a4e7-300x200.jpg 300w, https:\/\/www.associationdemarie.org\/blog\/wp-content\/uploads\/2020\/02\/photo-1441716844725-09cedc13a4e7-768x512.jpg 768w\" sizes=\"auto, (max-width: 411px) 100vw, 411px\" \/><\/a><\/p>\n<p>L\u2019amour que nous avons pour nous-m\u00eames (\u2026) est affectif et effectif. L\u2019amour effectif est celui qui gouverne les grands, ambitieux d\u2019honneurs et de richesses, qui se procurent tant de biens et qui ne se rassasient jamais d\u2019en acqu\u00e9rir\u00a0: ceux-l\u00e0, dis-je, s\u2019aiment grandement de cet amour effectif. Mais il y en a d\u2019autres qui s\u2019aiment davantage de l\u2019amour affectif\u00a0: ceux-ci sont grandement tendres avec eux-m\u00eames, et ne font jamais autre chose que de se dorloter, soigner et r\u00e9conforter\u00a0: ils craignent tant tout ce qui pourrait leur nuire que c\u2019est grande piti\u00e9. (\u2026)<\/p>\n<p>Cette tendret\u00e9 est plus insupportable encore aux choses de l\u2019esprit qu\u2019aux choses corporelles\u00a0; surtout si elle est par malheur pratiqu\u00e9e ou entretenue par les personnes les plus spirituelles, lesquelles voudraient \u00eatre saintes du premier coup, sans qu\u2019il leur en cout\u00e2t rien, pas m\u00eame les combats que leur cause la partie inf\u00e9rieure de l\u2019\u00e2me par ses r\u00e9pugnances envers les choses contraires \u00e0 la nature. (\u2026)<\/p>\n<p>R\u00e9pugner \u00e0 nos r\u00e9pugnances, faire taire nos pr\u00e9f\u00e9rences, mortifier nos affections, mortifier le jugement et renoncer \u00e0 la volont\u00e9 propre est une chose que l\u2019amour effectif et tendre que nous nous portons \u00e0 nous-m\u00eames ne peut se permettre sans crier\u00a0: oh, que cela nous co\u00fbte\u00a0! Et ainsi nous ne faisons rien. (\u2026)<\/p>\n<p>Il vaut mieux porter une petite croix de paille que l\u2019on m\u2019a mise sur les \u00e9paules sans mon choix, qu\u2019aller en couper une bien plus grande dans du bois avec beaucoup de travail, et la porter ensuite avec une grande peine. Et je serai plus agr\u00e9able \u00e0 Dieu avec la croix de paille qu\u2019avec celle que je me serais fabriqu\u00e9e avec plus de peine et de sueur, et que je porterais avec plus de satisfaction, \u00e0 cause de l\u2019amour propre qui se pla\u00eet tant \u00e0 ses inventions, et si peu \u00e0 se laisser simplement conduire et gouverner.<\/p>\n<h3 class=\"GospelCommentaryAuthor-name commentary-author font-2\">Saint Fran\u00e7ois de Sales (1567-1622)<\/h3>\n<p>&nbsp;<\/p>\n<p>&nbsp;<\/p>\n<p>&nbsp;<\/p>\n","protected":false},"excerpt":{"rendered":"<p>L\u2019amour que nous avons pour nous-m\u00eames (\u2026) est affectif et effectif. L\u2019amour effectif est celui qui gouverne les grands, ambitieux d\u2019honneurs et de richesses, qui se procurent tant de biens et qui ne se rassasient jamais d\u2019en acqu\u00e9rir\u00a0: ceux-l\u00e0, dis-je, s\u2019aiment grandement de cet amour effectif. Mais il y en a d\u2019autres qui s\u2019aiment davantage [&hellip;]<\/p>\n","protected":false},"author":2,"featured_media":0,"comment_status":"closed","ping_status":"closed","sticky":false,"template":"","format":"standard","meta":{"footnotes":""},"categories":[13,1261],"tags":[274,884,1516],"class_list":["post-18518","post","type-post","status-publish","format-standard","hentry","category-ecritures","category-enseignement-2","tag-croix","tag-renoncement","tag-st-francois-de-sales"],"_links":{"self":[{"href":"https:\/\/www.associationdemarie.org\/blog\/wp-json\/wp\/v2\/posts\/18518","targetHints":{"allow":["GET"]}}],"collection":[{"href":"https:\/\/www.associationdemarie.org\/blog\/wp-json\/wp\/v2\/posts"}],"about":[{"href":"https:\/\/www.associationdemarie.org\/blog\/wp-json\/wp\/v2\/types\/post"}],"author":[{"embeddable":true,"href":"https:\/\/www.associationdemarie.org\/blog\/wp-json\/wp\/v2\/users\/2"}],"replies":[{"embeddable":true,"href":"https:\/\/www.associationdemarie.org\/blog\/wp-json\/wp\/v2\/comments?post=18518"}],"version-history":[{"count":1,"href":"https:\/\/www.associationdemarie.org\/blog\/wp-json\/wp\/v2\/posts\/18518\/revisions"}],"predecessor-version":[{"id":18520,"href":"https:\/\/www.associationdemarie.org\/blog\/wp-json\/wp\/v2\/posts\/18518\/revisions\/18520"}],"wp:attachment":[{"href":"https:\/\/www.associationdemarie.org\/blog\/wp-json\/wp\/v2\/media?parent=18518"}],"wp:term":[{"taxonomy":"category","embeddable":true,"href":"https:\/\/www.associationdemarie.org\/blog\/wp-json\/wp\/v2\/categories?post=18518"},{"taxonomy":"post_tag","embeddable":true,"href":"https:\/\/www.associationdemarie.org\/blog\/wp-json\/wp\/v2\/tags?post=18518"}],"curies":[{"name":"wp","href":"https:\/\/api.w.org\/{rel}","templated":true}]}}