{"id":18509,"date":"2020-02-25T01:11:02","date_gmt":"2020-02-25T00:11:02","guid":{"rendered":"http:\/\/www.associationdemarie.org\/blog\/?p=18509"},"modified":"2020-02-07T10:12:49","modified_gmt":"2020-02-07T09:12:49","slug":"si-quelquun-veut-etre-le-premier-quil-soit-le-dernier-de-tous-et-le-serviteur-de-tous-2","status":"publish","type":"post","link":"https:\/\/www.associationdemarie.org\/blog\/si-quelquun-veut-etre-le-premier-quil-soit-le-dernier-de-tous-et-le-serviteur-de-tous-2\/","title":{"rendered":"\u00ab Si quelqu&rsquo;un veut \u00eatre le premier, qu&rsquo;il soit le dernier de tous et le serviteur de tous. \u00bb"},"content":{"rendered":"<p><a href=\"https:\/\/www.associationdemarie.org\/blog\/wp-content\/uploads\/2020\/02\/icone-therese-de-lisieux-parousie-over-blog-fr.jpg\"><img loading=\"lazy\" decoding=\"async\" class=\"aligncenter  wp-image-18510\" src=\"https:\/\/www.associationdemarie.org\/blog\/wp-content\/uploads\/2020\/02\/icone-therese-de-lisieux-parousie-over-blog-fr.jpg\" alt=\"\" width=\"433\" height=\"261\" srcset=\"https:\/\/www.associationdemarie.org\/blog\/wp-content\/uploads\/2020\/02\/icone-therese-de-lisieux-parousie-over-blog-fr.jpg 534w, https:\/\/www.associationdemarie.org\/blog\/wp-content\/uploads\/2020\/02\/icone-therese-de-lisieux-parousie-over-blog-fr-300x181.jpg 300w\" sizes=\"auto, (max-width: 433px) 100vw, 433px\" \/><\/a><\/p>\n<p>J\u00e9sus\u00a0! (&#8230;) Quelle n&rsquo;est pas votre humilit\u00e9, \u00f4 divin Roi de Gloire, de vous soumettre \u00e0 tous vos pr\u00eatres sans faire aucune distinction entre ceux qui vous aiment et ceux qui sont, h\u00e9las\u00a0! ti\u00e8des ou froids dans votre service. \u00c0 leur appel vous descendez du ciel\u00a0; ils peuvent avancer, retarder l&rsquo;heure du saint sacrifice, toujours vous \u00eates pr\u00eat. \u00d4 mon Bien-Aim\u00e9, sous le voile de la blanche hostie, que vous m&rsquo;apparaissez doux et humble de c\u0153ur\u00a0! (Mt 11,29) Pour m&rsquo;enseigner l&rsquo;humilit\u00e9 vous ne pouvez vous abaisser davantage\u00a0; aussi je veux, afin de r\u00e9pondre \u00e0 votre amour, d\u00e9sirer que mes s\u0153urs me mettent toujours \u00e0 la derni\u00e8re place et bien me persuader que cette place est la mienne. (&#8230;)<\/p>\n<p>Je le sais, \u00f4 mon Dieu, vous abaissez l&rsquo;\u00e2me orgueilleuse, mais \u00e0 celle qui s&rsquo;humilie vous donnez une \u00e9ternit\u00e9 de gloire\u00a0; je veux donc me mettre au dernier rang, partager vos humiliations afin \u00ab\u00a0d&rsquo;avoir part avec vous\u00a0\u00bb (Jn 13,8) dans le royaume des Cieux.<\/p>\n<p>Mais, Seigneur, ma faiblesse vous est connue\u00a0; chaque matin je prends la r\u00e9solution de pratiquer l&rsquo;humilit\u00e9 et le soir je reconnais que j&rsquo;ai commis encore bien des fautes d&rsquo;orgueil. \u00c0 cette vue je suis tent\u00e9e de me d\u00e9courager mais, je le sais, le d\u00e9couragement est aussi de l&rsquo;orgueil. Je veux donc, \u00f4 mon Dieu, fonder sur vous seul mon esp\u00e9rance\u00a0; puisque vous pouvez tout, daignez faire na\u00eetre en mon \u00e2me la vertu que je d\u00e9sire. Pour obtenir cette gr\u00e2ce de votre infinie mis\u00e9ricorde je vous r\u00e9p\u00e9terai bien souvent\u00a0: \u00ab\u00a0\u00d4 J\u00e9sus, doux et humble de c\u0153ur, rendez mon c\u0153ur semblable au v\u00f4tre\u00a0!\u00a0\u00bb<\/p>\n<h3 class=\"GospelCommentaryAuthor-name commentary-author font-2\">Sainte Th\u00e9r\u00e8se de l&rsquo;Enfant J\u00e9sus (1873-1897)<\/h3>\n<p>&nbsp;<\/p>\n<p>&nbsp;<\/p>\n<p>&nbsp;<\/p>\n<p>&nbsp;<\/p>\n","protected":false},"excerpt":{"rendered":"<p>J\u00e9sus\u00a0! (&#8230;) Quelle n&rsquo;est pas votre humilit\u00e9, \u00f4 divin Roi de Gloire, de vous soumettre \u00e0 tous vos pr\u00eatres sans faire aucune distinction entre ceux qui vous aiment et ceux qui sont, h\u00e9las\u00a0! ti\u00e8des ou froids dans votre service. \u00c0 leur appel vous descendez du ciel\u00a0; ils peuvent avancer, retarder l&rsquo;heure du saint sacrifice, toujours [&hellip;]<\/p>\n","protected":false},"author":2,"featured_media":0,"comment_status":"closed","ping_status":"closed","sticky":false,"template":"","format":"standard","meta":{"footnotes":""},"categories":[13,1261,26,28],"tags":[487,830,1107],"class_list":["post-18509","post","type-post","status-publish","format-standard","hentry","category-ecritures","category-enseignement-2","category-priere-des-ames","category-saints-et-saintes","tag-humilite","tag-priere","tag-ste-therese"],"_links":{"self":[{"href":"https:\/\/www.associationdemarie.org\/blog\/wp-json\/wp\/v2\/posts\/18509","targetHints":{"allow":["GET"]}}],"collection":[{"href":"https:\/\/www.associationdemarie.org\/blog\/wp-json\/wp\/v2\/posts"}],"about":[{"href":"https:\/\/www.associationdemarie.org\/blog\/wp-json\/wp\/v2\/types\/post"}],"author":[{"embeddable":true,"href":"https:\/\/www.associationdemarie.org\/blog\/wp-json\/wp\/v2\/users\/2"}],"replies":[{"embeddable":true,"href":"https:\/\/www.associationdemarie.org\/blog\/wp-json\/wp\/v2\/comments?post=18509"}],"version-history":[{"count":2,"href":"https:\/\/www.associationdemarie.org\/blog\/wp-json\/wp\/v2\/posts\/18509\/revisions"}],"predecessor-version":[{"id":18512,"href":"https:\/\/www.associationdemarie.org\/blog\/wp-json\/wp\/v2\/posts\/18509\/revisions\/18512"}],"wp:attachment":[{"href":"https:\/\/www.associationdemarie.org\/blog\/wp-json\/wp\/v2\/media?parent=18509"}],"wp:term":[{"taxonomy":"category","embeddable":true,"href":"https:\/\/www.associationdemarie.org\/blog\/wp-json\/wp\/v2\/categories?post=18509"},{"taxonomy":"post_tag","embeddable":true,"href":"https:\/\/www.associationdemarie.org\/blog\/wp-json\/wp\/v2\/tags?post=18509"}],"curies":[{"name":"wp","href":"https:\/\/api.w.org\/{rel}","templated":true}]}}