{"id":18491,"date":"2020-02-21T01:33:28","date_gmt":"2020-02-21T00:33:28","guid":{"rendered":"http:\/\/www.associationdemarie.org\/blog\/?p=18491"},"modified":"2020-02-03T09:35:04","modified_gmt":"2020-02-03T08:35:04","slug":"celui-qui-perdra-sa-vie-a-cause-de-moi-la-trouvera","status":"publish","type":"post","link":"https:\/\/www.associationdemarie.org\/blog\/celui-qui-perdra-sa-vie-a-cause-de-moi-la-trouvera\/","title":{"rendered":"Celui qui perdra sa vie \u00e0 cause de moi la trouvera."},"content":{"rendered":"<p><a href=\"https:\/\/www.associationdemarie.org\/blog\/wp-content\/uploads\/2020\/02\/eace9e485489847601ea777eeb259eca.jpg\"><img loading=\"lazy\" decoding=\"async\" class=\"aligncenter  wp-image-18492\" src=\"https:\/\/www.associationdemarie.org\/blog\/wp-content\/uploads\/2020\/02\/eace9e485489847601ea777eeb259eca.jpg\" alt=\"\" width=\"391\" height=\"220\" srcset=\"https:\/\/www.associationdemarie.org\/blog\/wp-content\/uploads\/2020\/02\/eace9e485489847601ea777eeb259eca.jpg 1920w, https:\/\/www.associationdemarie.org\/blog\/wp-content\/uploads\/2020\/02\/eace9e485489847601ea777eeb259eca-300x169.jpg 300w, https:\/\/www.associationdemarie.org\/blog\/wp-content\/uploads\/2020\/02\/eace9e485489847601ea777eeb259eca-768x432.jpg 768w, https:\/\/www.associationdemarie.org\/blog\/wp-content\/uploads\/2020\/02\/eace9e485489847601ea777eeb259eca-1024x576.jpg 1024w\" sizes=\"auto, (max-width: 391px) 100vw, 391px\" \/><\/a><\/p>\n<p>\u00d4 mort tr\u00e8s ch\u00e8re, toi, tu es mon tr\u00e8s heureux partage. De gr\u00e2ce, qu\u2019en toi mon \u00e2me trouve donc un nid pour elle, que tes flots de vie m\u2019enveloppent tout enti\u00e8re. \u00d4 mort, vie \u00e9ternelle, de gr\u00e2ce que j\u2019esp\u00e8re toujours sous tes ailes. \u00d4 mort salutaire, de gr\u00e2ce, que mon \u00e2me trouve sa demeure salutaire en tes biens excellents. \u00d4 mort tr\u00e8s pr\u00e9cieuse, tu es ma richesse la plus ch\u00e8re. Oh\u00a0! toi, absorbe en toi toute ma vie, et engloutis en toi ma propre mort.<\/p>\n<p>\u00d4 mort qui apportes la vie, de gr\u00e2ce, puiss\u00e9-je me fondre sous tes ailes. \u00d4 mort d\u2019o\u00f9 d\u00e9coule la vie, fais qu\u2019une tr\u00e8s douce \u00e9tincelle de ton action vivifiante br\u00fble en moi \u00e0 jamais. \u00d4 mort cordialement aim\u00e9e, tu es de mon c\u0153ur la confiance spirituelle. \u00d4 mort tr\u00e8s aimante, en toi sont contenus pour moi tous les biens\u00a0; prends-moi, je t\u2019en prie, sous ta bienveillante protection, afin qu\u2019\u00e0 ma mort, doucement, je repose sous ton ombre.<\/p>\n<p>\u00d4 mort tr\u00e8s mis\u00e9ricordieuse, toi tu es ma vie tr\u00e8s heureuse. Toi, tu es mon meilleur partage. Toi, tu es ma r\u00e9demption surabondante. Toi, tu es mon tr\u00e8s pr\u00e9cieux h\u00e9ritage. De gr\u00e2ce, enveloppe-moi en toi tout enti\u00e8re, cache toute ma vie en toi, et en toi ensevelis ma mort. \u00d4 mort cordialement aim\u00e9e, toi alors, garde-moi en toi \u00e0 jamais, dans ta charit\u00e9 paternelle, comme une acquisition et une possession \u00e9ternelles.<\/p>\n<h3 class=\"GospelCommentaryAuthor-name commentary-author font-2\">Sainte Gertrude d&rsquo;Helfta (1256-1301)<\/h3>\n<p>&nbsp;<\/p>\n<p>&nbsp;<\/p>\n<p>&nbsp;<\/p>\n","protected":false},"excerpt":{"rendered":"<p>\u00d4 mort tr\u00e8s ch\u00e8re, toi, tu es mon tr\u00e8s heureux partage. De gr\u00e2ce, qu\u2019en toi mon \u00e2me trouve donc un nid pour elle, que tes flots de vie m\u2019enveloppent tout enti\u00e8re. \u00d4 mort, vie \u00e9ternelle, de gr\u00e2ce que j\u2019esp\u00e8re toujours sous tes ailes. \u00d4 mort salutaire, de gr\u00e2ce, que mon \u00e2me trouve sa demeure salutaire [&hellip;]<\/p>\n","protected":false},"author":2,"featured_media":0,"comment_status":"closed","ping_status":"closed","sticky":false,"template":"","format":"standard","meta":{"footnotes":""},"categories":[26],"tags":[695,830,1524],"class_list":["post-18491","post","type-post","status-publish","format-standard","hentry","category-priere-des-ames","tag-mort","tag-priere","tag-ste-gertrude-dhelfta"],"_links":{"self":[{"href":"https:\/\/www.associationdemarie.org\/blog\/wp-json\/wp\/v2\/posts\/18491","targetHints":{"allow":["GET"]}}],"collection":[{"href":"https:\/\/www.associationdemarie.org\/blog\/wp-json\/wp\/v2\/posts"}],"about":[{"href":"https:\/\/www.associationdemarie.org\/blog\/wp-json\/wp\/v2\/types\/post"}],"author":[{"embeddable":true,"href":"https:\/\/www.associationdemarie.org\/blog\/wp-json\/wp\/v2\/users\/2"}],"replies":[{"embeddable":true,"href":"https:\/\/www.associationdemarie.org\/blog\/wp-json\/wp\/v2\/comments?post=18491"}],"version-history":[{"count":1,"href":"https:\/\/www.associationdemarie.org\/blog\/wp-json\/wp\/v2\/posts\/18491\/revisions"}],"predecessor-version":[{"id":18493,"href":"https:\/\/www.associationdemarie.org\/blog\/wp-json\/wp\/v2\/posts\/18491\/revisions\/18493"}],"wp:attachment":[{"href":"https:\/\/www.associationdemarie.org\/blog\/wp-json\/wp\/v2\/media?parent=18491"}],"wp:term":[{"taxonomy":"category","embeddable":true,"href":"https:\/\/www.associationdemarie.org\/blog\/wp-json\/wp\/v2\/categories?post=18491"},{"taxonomy":"post_tag","embeddable":true,"href":"https:\/\/www.associationdemarie.org\/blog\/wp-json\/wp\/v2\/tags?post=18491"}],"curies":[{"name":"wp","href":"https:\/\/api.w.org\/{rel}","templated":true}]}}