{"id":18481,"date":"2020-02-18T01:16:29","date_gmt":"2020-02-18T00:16:29","guid":{"rendered":"http:\/\/www.associationdemarie.org\/blog\/?p=18481"},"modified":"2020-01-31T08:18:10","modified_gmt":"2020-01-31T07:18:10","slug":"vous-ne-voyez-pas-vous-ne-comprenez-pas-encore","status":"publish","type":"post","link":"https:\/\/www.associationdemarie.org\/blog\/vous-ne-voyez-pas-vous-ne-comprenez-pas-encore\/","title":{"rendered":"\u00ab Vous ne voyez pas ? Vous ne comprenez pas encore ? \u00bb"},"content":{"rendered":"<p><a href=\"https:\/\/www.associationdemarie.org\/blog\/wp-content\/uploads\/2020\/01\/BaomfKD_bU7KsX4-v9HxuDT4HYY.jpg\"><img loading=\"lazy\" decoding=\"async\" class=\"aligncenter  wp-image-18482\" src=\"https:\/\/www.associationdemarie.org\/blog\/wp-content\/uploads\/2020\/01\/BaomfKD_bU7KsX4-v9HxuDT4HYY.jpg\" alt=\"\" width=\"363\" height=\"222\" srcset=\"https:\/\/www.associationdemarie.org\/blog\/wp-content\/uploads\/2020\/01\/BaomfKD_bU7KsX4-v9HxuDT4HYY.jpg 500w, https:\/\/www.associationdemarie.org\/blog\/wp-content\/uploads\/2020\/01\/BaomfKD_bU7KsX4-v9HxuDT4HYY-300x184.jpg 300w\" sizes=\"auto, (max-width: 363px) 100vw, 363px\" \/><\/a><\/p>\n<p>\u00ab\u00a0Dieu, mon Dieu, je te cherche d\u00e8s l&rsquo;aurore\u00a0\u00bb (Ps 62,2 Vulg) (\u2026) \u00d4 lumi\u00e8re tr\u00e8s sereine de mon \u00e2me, matin resplendissant, deviens enfin en moi lever du jour\u00a0; brille sur moi avec tant de clart\u00e9 que \u00ab\u00a0dans ta lumi\u00e8re je contemple la lumi\u00e8re\u00a0\u00bb (Ps 35,10). Que par toi ma nuit soit chang\u00e9e en jour. Mon matin tr\u00e8s aim\u00e9, que par amour de ton amour je tienne pour rien et vanit\u00e9 tout ce qui n&rsquo;est pas toi. Visite-moi d\u00e8s le point du jour, pour me transformer soudain en toi tout enti\u00e8re. (\u2026) D\u00e9truis ce qui est de moi\u00a0; fais que je passe totalement en toi de sorte que jamais plus je ne puisse me retrouver en moi pour ce temps limit\u00e9, mais que je demeure \u00e9troitement unie \u00e0 toi pour l&rsquo;\u00e9ternit\u00e9. (\u2026)<\/p>\n<p>Quand serai-je rassasi\u00e9e par une beaut\u00e9 si grande et si \u00e9clatante\u00a0? Toi J\u00e9sus, magnifique \u00c9toile du matin (Ap 22,16), resplendissante de la clart\u00e9 divine, quand serai-je illumin\u00e9e par ta pr\u00e9sence\u00a0? Splendeur si digne d&rsquo;amour, quand me rassasieras-tu de toi\u00a0? Oh, si seulement ici-bas je pouvais percevoir tant soit peu les rayons d\u00e9licats de ta beaut\u00e9 pour qu\u2019il me soit permis d\u2019avoir au moins un avant-go\u00fbt de ta douceur, et de te savourer par avance, toi qui es mon h\u00e9ritage de choix (cf Ps 15,5). (\u2026) Tu es le miroir resplendissant de la sainte Trinit\u00e9 qu&rsquo;il est permis de contempler de l&rsquo;\u0153il d&rsquo;un c\u0153ur pur (Mt 5,8)\u00a0: l\u00e0-haut face \u00e0 face, ici-bas dans un reflet seulement.<\/p>\n<h3 class=\"GospelCommentaryAuthor-name commentary-author font-2\">Sainte Gertrude d&rsquo;Helfta (1256-1301)<\/h3>\n<p>&nbsp;<\/p>\n<p>&nbsp;<\/p>\n<p>&nbsp;<\/p>\n","protected":false},"excerpt":{"rendered":"<p>\u00ab\u00a0Dieu, mon Dieu, je te cherche d\u00e8s l&rsquo;aurore\u00a0\u00bb (Ps 62,2 Vulg) (\u2026) \u00d4 lumi\u00e8re tr\u00e8s sereine de mon \u00e2me, matin resplendissant, deviens enfin en moi lever du jour\u00a0; brille sur moi avec tant de clart\u00e9 que \u00ab\u00a0dans ta lumi\u00e8re je contemple la lumi\u00e8re\u00a0\u00bb (Ps 35,10). Que par toi ma nuit soit chang\u00e9e en jour. Mon [&hellip;]<\/p>\n","protected":false},"author":2,"featured_media":0,"comment_status":"closed","ping_status":"closed","sticky":false,"template":"","format":"standard","meta":{"footnotes":""},"categories":[26],"tags":[754,830,1524],"class_list":["post-18481","post","type-post","status-publish","format-standard","hentry","category-priere-des-ames","tag-pain","tag-priere","tag-ste-gertrude-dhelfta"],"_links":{"self":[{"href":"https:\/\/www.associationdemarie.org\/blog\/wp-json\/wp\/v2\/posts\/18481","targetHints":{"allow":["GET"]}}],"collection":[{"href":"https:\/\/www.associationdemarie.org\/blog\/wp-json\/wp\/v2\/posts"}],"about":[{"href":"https:\/\/www.associationdemarie.org\/blog\/wp-json\/wp\/v2\/types\/post"}],"author":[{"embeddable":true,"href":"https:\/\/www.associationdemarie.org\/blog\/wp-json\/wp\/v2\/users\/2"}],"replies":[{"embeddable":true,"href":"https:\/\/www.associationdemarie.org\/blog\/wp-json\/wp\/v2\/comments?post=18481"}],"version-history":[{"count":1,"href":"https:\/\/www.associationdemarie.org\/blog\/wp-json\/wp\/v2\/posts\/18481\/revisions"}],"predecessor-version":[{"id":18483,"href":"https:\/\/www.associationdemarie.org\/blog\/wp-json\/wp\/v2\/posts\/18481\/revisions\/18483"}],"wp:attachment":[{"href":"https:\/\/www.associationdemarie.org\/blog\/wp-json\/wp\/v2\/media?parent=18481"}],"wp:term":[{"taxonomy":"category","embeddable":true,"href":"https:\/\/www.associationdemarie.org\/blog\/wp-json\/wp\/v2\/categories?post=18481"},{"taxonomy":"post_tag","embeddable":true,"href":"https:\/\/www.associationdemarie.org\/blog\/wp-json\/wp\/v2\/tags?post=18481"}],"curies":[{"name":"wp","href":"https:\/\/api.w.org\/{rel}","templated":true}]}}