{"id":1848,"date":"2010-11-24T01:30:53","date_gmt":"2010-11-24T01:30:53","guid":{"rendered":"http:\/\/preprod.meltem-int.com\/marie\/blog\/?p=1848"},"modified":"2010-11-24T01:30:53","modified_gmt":"2010-11-24T01:30:53","slug":"septieme-jour-de-la-neuvaine","status":"publish","type":"post","link":"https:\/\/www.associationdemarie.org\/blog\/septieme-jour-de-la-neuvaine\/","title":{"rendered":"Septi\u00e8me jour de la neuvaine"},"content":{"rendered":"<p><a href=\"https:\/\/www.associationdemarie.org\/blog\/wp-content\/uploads\/2010\/11\/Clou-ds-main.jpg\"><img loading=\"lazy\" decoding=\"async\" class=\"alignleft size-thumbnail wp-image-1849\" title=\"Clou-ds-main\" src=\"https:\/\/www.associationdemarie.org\/blog\/wp-content\/uploads\/2010\/11\/Clou-ds-main-150x150.jpg\" alt=\"\" width=\"150\" height=\"150\" \/><\/a><strong>Mes fr\u00e8res,<\/strong><\/p>\n<p><strong>Les clous qui sont dans mes mains, sont offerts. Je vous demande, Je vous demande simplement de dire au monde que ce n\u2019est pas le clou qui fait mal, c\u2019est l\u2019homme qui fait mal. Mes fr\u00e8res, Je suis pr\u00e9sent en chaque jour en chaque humain. Mes fr\u00e8res, avancez dans la Paix et l\u2019Amour.<\/strong><\/p>\n<p>Message du Christ &#8211; mai 2009<\/p>\n","protected":false},"excerpt":{"rendered":"<p>Mes fr\u00e8res, Les clous qui sont dans mes mains, sont offerts. Je vous demande, Je vous demande simplement de dire au monde que ce n\u2019est pas le clou qui fait mal, c\u2019est l\u2019homme qui fait mal. Mes fr\u00e8res, Je suis pr\u00e9sent en chaque jour en chaque humain. Mes fr\u00e8res, avancez dans la Paix et l\u2019Amour. [&hellip;]<\/p>\n","protected":false},"author":2,"featured_media":0,"comment_status":"closed","ping_status":"closed","sticky":false,"template":"","format":"standard","meta":{"footnotes":""},"categories":[3,13,19,27],"tags":[234,437,535,712,758],"class_list":["post-1848","post","type-post","status-publish","format-standard","hentry","category-liturgique","category-ecritures","category-messages","category-prieres","tag-clous","tag-freres","tag-jesus","tag-neuvaine","tag-paix-et-amour"],"_links":{"self":[{"href":"https:\/\/www.associationdemarie.org\/blog\/wp-json\/wp\/v2\/posts\/1848","targetHints":{"allow":["GET"]}}],"collection":[{"href":"https:\/\/www.associationdemarie.org\/blog\/wp-json\/wp\/v2\/posts"}],"about":[{"href":"https:\/\/www.associationdemarie.org\/blog\/wp-json\/wp\/v2\/types\/post"}],"author":[{"embeddable":true,"href":"https:\/\/www.associationdemarie.org\/blog\/wp-json\/wp\/v2\/users\/2"}],"replies":[{"embeddable":true,"href":"https:\/\/www.associationdemarie.org\/blog\/wp-json\/wp\/v2\/comments?post=1848"}],"version-history":[{"count":0,"href":"https:\/\/www.associationdemarie.org\/blog\/wp-json\/wp\/v2\/posts\/1848\/revisions"}],"wp:attachment":[{"href":"https:\/\/www.associationdemarie.org\/blog\/wp-json\/wp\/v2\/media?parent=1848"}],"wp:term":[{"taxonomy":"category","embeddable":true,"href":"https:\/\/www.associationdemarie.org\/blog\/wp-json\/wp\/v2\/categories?post=1848"},{"taxonomy":"post_tag","embeddable":true,"href":"https:\/\/www.associationdemarie.org\/blog\/wp-json\/wp\/v2\/tags?post=1848"}],"curies":[{"name":"wp","href":"https:\/\/api.w.org\/{rel}","templated":true}]}}