{"id":18454,"date":"2020-02-11T01:48:02","date_gmt":"2020-02-11T00:48:02","guid":{"rendered":"http:\/\/www.associationdemarie.org\/blog\/?p=18454"},"modified":"2020-01-24T08:49:43","modified_gmt":"2020-01-24T07:49:43","slug":"ce-peuple-mhonore-des-levres-mais-son-coeur-est-loin-de-moi-4","status":"publish","type":"post","link":"https:\/\/www.associationdemarie.org\/blog\/ce-peuple-mhonore-des-levres-mais-son-coeur-est-loin-de-moi-4\/","title":{"rendered":"\u00ab Ce peuple m&rsquo;honore des l\u00e8vres mais son c\u0153ur est loin de moi. \u00bb"},"content":{"rendered":"<p><a href=\"https:\/\/www.associationdemarie.org\/blog\/wp-content\/uploads\/2020\/01\/10465469_10152243728876297_5536660608337927953_o.jpg\"><img loading=\"lazy\" decoding=\"async\" class=\"aligncenter size-full wp-image-18455\" src=\"https:\/\/www.associationdemarie.org\/blog\/wp-content\/uploads\/2020\/01\/10465469_10152243728876297_5536660608337927953_o.jpg\" alt=\"\" width=\"344\" height=\"455\" srcset=\"https:\/\/www.associationdemarie.org\/blog\/wp-content\/uploads\/2020\/01\/10465469_10152243728876297_5536660608337927953_o.jpg 344w, https:\/\/www.associationdemarie.org\/blog\/wp-content\/uploads\/2020\/01\/10465469_10152243728876297_5536660608337927953_o-227x300.jpg 227w\" sizes=\"auto, (max-width: 344px) 100vw, 344px\" \/><\/a><\/p>\n<p>Imaginons qu&rsquo;il y a en nous un palais d&rsquo;une immense richesse, construit tout en or et en pierres pr\u00e9cieuses, digne enfin du Ma\u00eetre auquel il appartient. Puis dites-vous, mes s\u0153urs, que la beaut\u00e9 de cet \u00e9difice d\u00e9pend aussi de vous. C&rsquo;est vrai, car est-il plus bel \u00e9difice qu&rsquo;une \u00e2me pure et pleine de vertus\u00a0? Plus elles sont grandes, plus les pierreries resplendissent. Enfin, songez que dans ce palais habite ce grand Roi qui a bien voulu se faire notre P\u00e8re\u00a0; il se tient sur un tr\u00f4ne de tr\u00e8s haut prix, qui est votre c\u0153ur. (&#8230;)<\/p>\n<p>Peut-\u00eatre rirez-vous de moi, et direz-vous que c&rsquo;est fort clair, et vous aurez raison, mais cela a \u00e9t\u00e9 obscur pour moi pendant un certain temps. Je comprenais bien que j&rsquo;avais une \u00e2me, mais l&rsquo;estime que m\u00e9ritait cette \u00e2me, la dignit\u00e9 de celui qui l&rsquo;habitait, voil\u00e0 ce que je ne comprenais pas. Les vanit\u00e9s de la vie \u00e9taient comme un bandeau que je mettais sur les yeux. Si j&rsquo;avais compris, comme je le fais aujourd&rsquo;hui, qu&rsquo;en ce tout petit palais de mon \u00e2me habite un si grand Roi, je ne l&rsquo;aurais pas laiss\u00e9 seul si souvent\u00a0; je me serais tenue de temps en temps pr\u00e8s de lui, et j&rsquo;aurais fait le n\u00e9cessaire pour que le palais soit moins sale. Qu&rsquo;il est donc admirable de songer que celui dont la grandeur emplirait mille mondes et beaucoup plus, s&rsquo;enferme ainsi en une si petite demeure\u00a0!<\/p>\n<h3 class=\"GospelCommentaryAuthor-name commentary-author font-2\">Sainte Th\u00e9r\u00e8se d&rsquo;Avila (1515-1582)<\/h3>\n<p>&nbsp;<\/p>\n<p>&nbsp;<\/p>\n<p>&nbsp;<\/p>\n<p>&nbsp;<\/p>\n","protected":false},"excerpt":{"rendered":"<p>Imaginons qu&rsquo;il y a en nous un palais d&rsquo;une immense richesse, construit tout en or et en pierres pr\u00e9cieuses, digne enfin du Ma\u00eetre auquel il appartient. Puis dites-vous, mes s\u0153urs, que la beaut\u00e9 de cet \u00e9difice d\u00e9pend aussi de vous. C&rsquo;est vrai, car est-il plus bel \u00e9difice qu&rsquo;une \u00e2me pure et pleine de vertus\u00a0? Plus [&hellip;]<\/p>\n","protected":false},"author":2,"featured_media":0,"comment_status":"closed","ping_status":"closed","sticky":false,"template":"","format":"standard","meta":{"footnotes":""},"categories":[13,1261],"tags":[236,1109],"class_list":["post-18454","post","type-post","status-publish","format-standard","hentry","category-ecritures","category-enseignement-2","tag-coeur","tag-ste-therese-davila"],"_links":{"self":[{"href":"https:\/\/www.associationdemarie.org\/blog\/wp-json\/wp\/v2\/posts\/18454","targetHints":{"allow":["GET"]}}],"collection":[{"href":"https:\/\/www.associationdemarie.org\/blog\/wp-json\/wp\/v2\/posts"}],"about":[{"href":"https:\/\/www.associationdemarie.org\/blog\/wp-json\/wp\/v2\/types\/post"}],"author":[{"embeddable":true,"href":"https:\/\/www.associationdemarie.org\/blog\/wp-json\/wp\/v2\/users\/2"}],"replies":[{"embeddable":true,"href":"https:\/\/www.associationdemarie.org\/blog\/wp-json\/wp\/v2\/comments?post=18454"}],"version-history":[{"count":1,"href":"https:\/\/www.associationdemarie.org\/blog\/wp-json\/wp\/v2\/posts\/18454\/revisions"}],"predecessor-version":[{"id":18456,"href":"https:\/\/www.associationdemarie.org\/blog\/wp-json\/wp\/v2\/posts\/18454\/revisions\/18456"}],"wp:attachment":[{"href":"https:\/\/www.associationdemarie.org\/blog\/wp-json\/wp\/v2\/media?parent=18454"}],"wp:term":[{"taxonomy":"category","embeddable":true,"href":"https:\/\/www.associationdemarie.org\/blog\/wp-json\/wp\/v2\/categories?post=18454"},{"taxonomy":"post_tag","embeddable":true,"href":"https:\/\/www.associationdemarie.org\/blog\/wp-json\/wp\/v2\/tags?post=18454"}],"curies":[{"name":"wp","href":"https:\/\/api.w.org\/{rel}","templated":true}]}}