{"id":18438,"date":"2020-02-08T01:42:22","date_gmt":"2020-02-08T00:42:22","guid":{"rendered":"http:\/\/www.associationdemarie.org\/blog\/?p=18438"},"modified":"2020-01-21T08:44:31","modified_gmt":"2020-01-21T07:44:31","slug":"venez-a-lecart-dans-un-endroit-desert-et-reposez-vous-un-peu-mc-631","status":"publish","type":"post","link":"https:\/\/www.associationdemarie.org\/blog\/venez-a-lecart-dans-un-endroit-desert-et-reposez-vous-un-peu-mc-631\/","title":{"rendered":"\u00ab Venez \u00e0 l\u2019\u00e9cart dans un endroit d\u00e9sert, et reposez-vous un peu. \u00bb (Mc 6,31)"},"content":{"rendered":"<p><a href=\"https:\/\/www.associationdemarie.org\/blog\/wp-content\/uploads\/2020\/01\/bf26253d7b8f171dddb155f84ce1d562_XL.jpg\"><img loading=\"lazy\" decoding=\"async\" class=\"aligncenter  wp-image-18439\" src=\"https:\/\/www.associationdemarie.org\/blog\/wp-content\/uploads\/2020\/01\/bf26253d7b8f171dddb155f84ce1d562_XL.jpg\" alt=\"\" width=\"360\" height=\"270\" srcset=\"https:\/\/www.associationdemarie.org\/blog\/wp-content\/uploads\/2020\/01\/bf26253d7b8f171dddb155f84ce1d562_XL.jpg 770w, https:\/\/www.associationdemarie.org\/blog\/wp-content\/uploads\/2020\/01\/bf26253d7b8f171dddb155f84ce1d562_XL-300x225.jpg 300w, https:\/\/www.associationdemarie.org\/blog\/wp-content\/uploads\/2020\/01\/bf26253d7b8f171dddb155f84ce1d562_XL-768x576.jpg 768w\" sizes=\"auto, (max-width: 360px) 100vw, 360px\" \/><\/a><\/p>\n<p>Si tu veux venir vers moi et me trouver, suis-moi, cherche-moi \u00e0 part. Marc dit en effet\u00a0: \u00ab\u00a0Venez \u00e0 l\u2019\u00e9cart dans un endroit d\u00e9sert, et reposez-vous un peu. De fait, ceux qui arrivaient et ceux qui partaient \u00e9taient nombreux, et l\u2019on n\u2019avait m\u00eame pas le temps de manger.\u00a0\u00bb (Mc 6,31)<\/p>\n<p>H\u00e9las\u00a0! Les passions de la chair, le tumulte des pens\u00e9es qui vont et qui viennent dans notre c\u0153ur sont tels, que nous n\u2019avons pas le temps de manger la nourriture de la douceur \u00e9ternelle\u00a0; de percevoir la saveur de la contemplation int\u00e9rieure. C\u2019est pourquoi notre Ma\u00eetre dit\u00a0: \u00ab\u00a0Venez \u00e0 l\u2019\u00e9cart\u00a0\u00bb de la foule bruyante\u00a0; \u00ab\u00a0dans un lieu d\u00e9sert\u00a0\u00bb, dans la solitude de l\u2019esprit et du c\u0153ur, \u00ab\u00a0et reposez-vous un peu.\u00a0\u00bb Vraiment un tout petit peu, car, dit-il dans l\u2019Apocalypse\u00a0: \u00ab\u00a0Il se fit un silence dans le ciel, environ une demi-heure\u00a0\u00bb (Ap 8,1)\u00a0; et dans le psaume\u00a0: \u00ab\u00a0Qui me donnera des ailes comme \u00e0 la colombe, que je m\u2019envole et me pose\u00a0?\u00a0\u00bb (Ps 54,7 LXX)<\/p>\n<p>Mais \u00e9coutons ce que dit le proph\u00e8te Os\u00e9e\u00a0: \u00ab\u00a0Je l\u2019allaiterai*, dit-il, et la conduirai au d\u00e9sert, et je parlerai \u00e0 son c\u0153ur\u00a0\u00bb (cf. Os 2,14 Vg.). Les trois expressions allaiter, conduire au d\u00e9sert, parler \u00e0 son c\u0153ur d\u00e9signent les trois \u00e9tapes de la vie spirituelle\u00a0: le d\u00e9but, le progr\u00e8s, la perfection. Le Seigneur allaite le d\u00e9butant lorsqu\u2019il l\u2019\u00e9claire de sa gr\u00e2ce, pour qu\u2019il grandisse et progresse de vertu en vertu. Il le conduit ensuite \u00e0 l\u2019\u00e9cart du vacarme des vices et du d\u00e9sordre des pens\u00e9es, dans le repos de l\u2019esprit\u00a0; enfin, une fois amen\u00e9 \u00e0 la perfection, il parle \u00e0 son c\u0153ur. L\u2019\u00e2me \u00e9prouve alors la douceur de l\u2019inspiration divine et peut se livrer totalement \u00e0 la joie de l\u2019esprit.<\/p>\n<p>Quelle profondeur de d\u00e9votion, d\u2019\u00e9merveillement et de bonheur dans son c\u0153ur\u00a0! Par la d\u00e9votion, il s\u2019\u00e9l\u00e8ve au-dessus de lui-m\u00eame\u00a0; par l\u2019\u00e9merveillement, il est conduit au-dessus de lui-m\u00eame\u00a0; par le bonheur, il est transport\u00e9 hors de lui-m\u00eame.<\/p>\n<h3 class=\"GospelCommentaryAuthor-name commentary-author font-2\">Saint Antoine de Padoue (v. 1195-1231)<\/h3>\n<p>(* \u201cJe l\u2019allaiterai\u201d : \u201clactabo\u201d le verbe latin peut signifier allaiter ou s\u00e9duire.)<\/p>\n<p>&nbsp;<\/p>\n","protected":false},"excerpt":{"rendered":"<p>Si tu veux venir vers moi et me trouver, suis-moi, cherche-moi \u00e0 part. Marc dit en effet\u00a0: \u00ab\u00a0Venez \u00e0 l\u2019\u00e9cart dans un endroit d\u00e9sert, et reposez-vous un peu. De fait, ceux qui arrivaient et ceux qui partaient \u00e9taient nombreux, et l\u2019on n\u2019avait m\u00eame pas le temps de manger.\u00a0\u00bb (Mc 6,31) H\u00e9las\u00a0! Les passions de la [&hellip;]<\/p>\n","protected":false},"author":2,"featured_media":0,"comment_status":"closed","ping_status":"closed","sticky":false,"template":"","format":"standard","meta":{"footnotes":""},"categories":[13,1261,26],"tags":[830,1545,1010],"class_list":["post-18438","post","type-post","status-publish","format-standard","hentry","category-ecritures","category-enseignement-2","category-priere-des-ames","tag-priere","tag-recueillement","tag-st-antoine-de-padoue"],"_links":{"self":[{"href":"https:\/\/www.associationdemarie.org\/blog\/wp-json\/wp\/v2\/posts\/18438","targetHints":{"allow":["GET"]}}],"collection":[{"href":"https:\/\/www.associationdemarie.org\/blog\/wp-json\/wp\/v2\/posts"}],"about":[{"href":"https:\/\/www.associationdemarie.org\/blog\/wp-json\/wp\/v2\/types\/post"}],"author":[{"embeddable":true,"href":"https:\/\/www.associationdemarie.org\/blog\/wp-json\/wp\/v2\/users\/2"}],"replies":[{"embeddable":true,"href":"https:\/\/www.associationdemarie.org\/blog\/wp-json\/wp\/v2\/comments?post=18438"}],"version-history":[{"count":1,"href":"https:\/\/www.associationdemarie.org\/blog\/wp-json\/wp\/v2\/posts\/18438\/revisions"}],"predecessor-version":[{"id":18440,"href":"https:\/\/www.associationdemarie.org\/blog\/wp-json\/wp\/v2\/posts\/18438\/revisions\/18440"}],"wp:attachment":[{"href":"https:\/\/www.associationdemarie.org\/blog\/wp-json\/wp\/v2\/media?parent=18438"}],"wp:term":[{"taxonomy":"category","embeddable":true,"href":"https:\/\/www.associationdemarie.org\/blog\/wp-json\/wp\/v2\/categories?post=18438"},{"taxonomy":"post_tag","embeddable":true,"href":"https:\/\/www.associationdemarie.org\/blog\/wp-json\/wp\/v2\/tags?post=18438"}],"curies":[{"name":"wp","href":"https:\/\/api.w.org\/{rel}","templated":true}]}}