{"id":18435,"date":"2020-02-07T01:00:41","date_gmt":"2020-02-07T00:00:41","guid":{"rendered":"http:\/\/www.associationdemarie.org\/blog\/?p=18435"},"modified":"2020-01-20T15:02:43","modified_gmt":"2020-01-20T14:02:43","slug":"temoins-de-la-verite","status":"publish","type":"post","link":"https:\/\/www.associationdemarie.org\/blog\/temoins-de-la-verite\/","title":{"rendered":"T\u00e9moins de la v\u00e9rit\u00e9"},"content":{"rendered":"<p><a href=\"https:\/\/www.associationdemarie.org\/blog\/wp-content\/uploads\/2020\/01\/EdiIlVousGuideraVersLaVerite.jpg\"><img loading=\"lazy\" decoding=\"async\" class=\"aligncenter  wp-image-18436\" src=\"https:\/\/www.associationdemarie.org\/blog\/wp-content\/uploads\/2020\/01\/EdiIlVousGuideraVersLaVerite.jpg\" alt=\"\" width=\"375\" height=\"373\" srcset=\"https:\/\/www.associationdemarie.org\/blog\/wp-content\/uploads\/2020\/01\/EdiIlVousGuideraVersLaVerite.jpg 402w, https:\/\/www.associationdemarie.org\/blog\/wp-content\/uploads\/2020\/01\/EdiIlVousGuideraVersLaVerite-150x150.jpg 150w\" sizes=\"auto, (max-width: 375px) 100vw, 375px\" \/><\/a><\/p>\n<p>[Le Christ] a rendu t\u00e9moignage \u00e0 la v\u00e9rit\u00e9, mais il n\u2019a pas voulu l\u2019imposer par la force \u00e0 ses contradicteurs. Son royaume, en effet, ne se d\u00e9fend pas par l\u2019\u00e9p\u00e9e, mais il s\u2019\u00e9tablit en \u00e9coutant la v\u00e9rit\u00e9 et en lui rendant t\u00e9moignage, il s\u2019\u00e9tend gr\u00e2ce \u00e0 l\u2019amour par lequel le Christ, \u00e9lev\u00e9 sur la croix, attire \u00e0 lui tous les hommes.<\/p>\n<p>Instruits par la parole et l\u2019exemple du Christ, les Ap\u00f4tres suivirent la m\u00eame voie. Aux origines de l\u2019\u00c9glise, ce n\u2019est pas par la contrainte ni par des habilit\u00e9s indignes de l\u2019\u00c9vangile que les disciples du Christ s\u2019employ\u00e8rent \u00e0 amener les hommes \u00e0 confesser le Christ comme Seigneur, mais avant tout par la puissance de la Parole de Dieu. Avec courage, ils annon\u00e7aient \u00e0 tous le dessein de Dieu Sauveur \u00ab\u00a0qui veut que tous les hommes soient sauv\u00e9s et parviennent \u00e0 la connaissance de la v\u00e9rit\u00e9\u00a0\u00bb; mais en m\u00eame temps, vis-\u00e0-vis des faibles, m\u00eame vivant dans l\u2019erreur, leur attitude \u00e9tait faite de respect, manifestant ainsi comment \u00ab\u00a0chacun d\u2019entre nous rendra compte \u00e0 Dieu pour soi-m\u00eame\u00a0\u00bb, et, pour autant, est tenu d\u2019ob\u00e9ir \u00e0 sa propre conscience. (\u2026)<\/p>\n<p>Une foi in\u00e9branlable leur faisait en effet tenir l\u2019\u00c9vangile comme \u00e9tant en toute v\u00e9rit\u00e9 une force de Dieu pour le salut de tous les croyants. Rejetant donc toutes les \u00ab\u00a0armes charnelles\u00a0\u00bb, suivant l\u2019exemple de douceur et de modestie donn\u00e9 par le Christ, ils proclam\u00e8rent la Parole de Dieu avec la pleine assurance qu\u2019elle \u00e9tait une force divine capable de d\u00e9truire les puissances oppos\u00e9es \u00e0 Dieu (\u2026). Comme leur Ma\u00eetre, les Ap\u00f4tres reconnurent, eux aussi, l\u2019autorit\u00e9 civile l\u00e9gitime (\u2026). Mais, en m\u00eame temps, ils ne craignirent pas de contredire le pouvoir public qui s\u2019opposait \u00e0 la sainte volont\u00e9 de Dieu\u00a0: \u00ab\u00a0Il faut ob\u00e9ir \u00e0 Dieu plut\u00f4t qu\u2019aux hommes\u00a0\u00bb. Cette voie, d\u2019innombrables martyrs et fid\u00e8les l\u2019ont suivie en tous temps et en tous lieux.<\/p>\n<h3 class=\"GospelCommentaryAuthor-name commentary-author font-2\">Concile Vatican II<\/h3>\n<p>[R\u00e9f\u00e9rences bibliques\u00a0: Jn 18,37\u00a0; Mt 26,51s\u00a0; Jn 12,32\u00a0; 1Tm 2,4\u00a0; Rm 14,12\u00a0; Rm 1,16\u00a0; 2Co 10,4\u00a0; Rm 13,15\u00a0; Ac 5,29]<\/p>\n<p>&nbsp;<\/p>\n","protected":false},"excerpt":{"rendered":"<p>[Le Christ] a rendu t\u00e9moignage \u00e0 la v\u00e9rit\u00e9, mais il n\u2019a pas voulu l\u2019imposer par la force \u00e0 ses contradicteurs. Son royaume, en effet, ne se d\u00e9fend pas par l\u2019\u00e9p\u00e9e, mais il s\u2019\u00e9tablit en \u00e9coutant la v\u00e9rit\u00e9 et en lui rendant t\u00e9moignage, il s\u2019\u00e9tend gr\u00e2ce \u00e0 l\u2019amour par lequel le Christ, \u00e9lev\u00e9 sur la croix, [&hellip;]<\/p>\n","protected":false},"author":2,"featured_media":0,"comment_status":"closed","ping_status":"closed","sticky":false,"template":"","format":"standard","meta":{"footnotes":""},"categories":[13,1261],"tags":[1128,1174],"class_list":["post-18435","post","type-post","status-publish","format-standard","hentry","category-ecritures","category-enseignement-2","tag-temoins","tag-vatican-2"],"_links":{"self":[{"href":"https:\/\/www.associationdemarie.org\/blog\/wp-json\/wp\/v2\/posts\/18435","targetHints":{"allow":["GET"]}}],"collection":[{"href":"https:\/\/www.associationdemarie.org\/blog\/wp-json\/wp\/v2\/posts"}],"about":[{"href":"https:\/\/www.associationdemarie.org\/blog\/wp-json\/wp\/v2\/types\/post"}],"author":[{"embeddable":true,"href":"https:\/\/www.associationdemarie.org\/blog\/wp-json\/wp\/v2\/users\/2"}],"replies":[{"embeddable":true,"href":"https:\/\/www.associationdemarie.org\/blog\/wp-json\/wp\/v2\/comments?post=18435"}],"version-history":[{"count":1,"href":"https:\/\/www.associationdemarie.org\/blog\/wp-json\/wp\/v2\/posts\/18435\/revisions"}],"predecessor-version":[{"id":18437,"href":"https:\/\/www.associationdemarie.org\/blog\/wp-json\/wp\/v2\/posts\/18435\/revisions\/18437"}],"wp:attachment":[{"href":"https:\/\/www.associationdemarie.org\/blog\/wp-json\/wp\/v2\/media?parent=18435"}],"wp:term":[{"taxonomy":"category","embeddable":true,"href":"https:\/\/www.associationdemarie.org\/blog\/wp-json\/wp\/v2\/categories?post=18435"},{"taxonomy":"post_tag","embeddable":true,"href":"https:\/\/www.associationdemarie.org\/blog\/wp-json\/wp\/v2\/tags?post=18435"}],"curies":[{"name":"wp","href":"https:\/\/api.w.org\/{rel}","templated":true}]}}