{"id":18429,"date":"2020-02-05T01:53:45","date_gmt":"2020-02-05T00:53:45","guid":{"rendered":"http:\/\/www.associationdemarie.org\/blog\/?p=18429"},"modified":"2020-01-14T07:56:11","modified_gmt":"2020-01-14T06:56:11","slug":"nest-il-pas-le-charpentier-2","status":"publish","type":"post","link":"https:\/\/www.associationdemarie.org\/blog\/nest-il-pas-le-charpentier-2\/","title":{"rendered":"\u00ab N\u2019est-il pas le charpentier ? \u00bb"},"content":{"rendered":"<p><a href=\"https:\/\/www.associationdemarie.org\/blog\/wp-content\/uploads\/2020\/01\/bXa84840.jpg\"><img loading=\"lazy\" decoding=\"async\" class=\"aligncenter  wp-image-18430\" src=\"https:\/\/www.associationdemarie.org\/blog\/wp-content\/uploads\/2020\/01\/bXa84840.jpg\" alt=\"\" width=\"344\" height=\"258\" srcset=\"https:\/\/www.associationdemarie.org\/blog\/wp-content\/uploads\/2020\/01\/bXa84840.jpg 800w, https:\/\/www.associationdemarie.org\/blog\/wp-content\/uploads\/2020\/01\/bXa84840-300x225.jpg 300w, https:\/\/www.associationdemarie.org\/blog\/wp-content\/uploads\/2020\/01\/bXa84840-768x576.jpg 768w\" sizes=\"auto, (max-width: 344px) 100vw, 344px\" \/><\/a><\/p>\n<p>Une des expressions quotidiennes de l&rsquo;amour dans la vie de la Sainte Famille \u00e0 Nazareth est le travail. (\u2026) Celui qui \u00e9tait appel\u00e9 le \u00ab\u00a0fils du charpentier\u00a0\u00bb (Mt 13,55) avait appris le travail de son p\u00e8re putatif. Si, dans l&rsquo;ordre du salut et de la saintet\u00e9, la famille de Nazareth est un exemple et un mod\u00e8le pour les familles humaines, on peut en dire autant, par analogie, du travail de J\u00e9sus aux c\u00f4t\u00e9s de Joseph le charpentier. (\u2026) Le travail humain, en particulier le travail manuel, prend un accent sp\u00e9cial dans l&rsquo;\u00c9vangile. Il est entr\u00e9 dans le myst\u00e8re de l&rsquo;Incarnation en m\u00eame temps que l&rsquo;humanit\u00e9 du Fils de Dieu, de m\u00eame aussi qu&rsquo;il a \u00e9t\u00e9 rachet\u00e9 d&rsquo;une mani\u00e8re particuli\u00e8re. Gr\u00e2ce \u00e0 son atelier o\u00f9 il exer\u00e7ait son m\u00e9tier en m\u00eame temps que J\u00e9sus, Joseph a rendu le travail humain proche du myst\u00e8re de la r\u00e9demption.<\/p>\n<p>Dans la croissance humaine de J\u00e9sus \u00ab\u00a0en sagesse, en taille et en gr\u00e2ce\u00a0\u00bb (Lc 2,52), une vertu a eu une part importante\u00a0: la conscience professionnelle, le travail \u00e9tant un bien de l&rsquo;homme qui transforme la nature et rend l&rsquo;homme en un certain sens plus homme.<\/p>\n<p>L&rsquo;importance du travail dans la vie de l&rsquo;homme demande qu&rsquo;on en connaisse et qu&rsquo;on en assimile les \u00e9l\u00e9ments afin d&rsquo;aider tous les hommes \u00e0 s&rsquo;avancer gr\u00e2ce \u00e0 lui vers Dieu, Cr\u00e9ateur et R\u00e9dempteur, \u00e0 participer \u00e0 son plan de salut sur l&rsquo;homme et le monde, et \u00e0 approfondir dans leur vie l&rsquo;amiti\u00e9 avec le Christ, en participant par la foi de mani\u00e8re vivante \u00e0 sa triple mission de pr\u00eatre, de proph\u00e8te et de roi. Il s&rsquo;agit, en d\u00e9finitive, de la sanctification de la vie quotidienne, \u00e0 laquelle chacun doit s&rsquo;efforcer en fonction de son \u00e9tat.<\/p>\n<h3 class=\"GospelCommentaryAuthor-name commentary-author font-2\">Saint Jean-Paul II (1920-2005)<\/h3>\n<p>&nbsp;<\/p>\n<p>&nbsp;<\/p>\n<p>&nbsp;<\/p>\n","protected":false},"excerpt":{"rendered":"<p>Une des expressions quotidiennes de l&rsquo;amour dans la vie de la Sainte Famille \u00e0 Nazareth est le travail. (\u2026) Celui qui \u00e9tait appel\u00e9 le \u00ab\u00a0fils du charpentier\u00a0\u00bb (Mt 13,55) avait appris le travail de son p\u00e8re putatif. Si, dans l&rsquo;ordre du salut et de la saintet\u00e9, la famille de Nazareth est un exemple et un [&hellip;]<\/p>\n","protected":false},"author":2,"featured_media":0,"comment_status":"closed","ping_status":"closed","sticky":false,"template":"","format":"standard","meta":{"footnotes":""},"categories":[13,1261],"tags":[205,535,872,1253,1049,1150],"class_list":["post-18429","post","type-post","status-publish","format-standard","hentry","category-ecritures","category-enseignement-2","tag-charpentier","tag-jesus","tag-redemption","tag-st-jean-paul-2","tag-st-joseph","tag-travail"],"_links":{"self":[{"href":"https:\/\/www.associationdemarie.org\/blog\/wp-json\/wp\/v2\/posts\/18429","targetHints":{"allow":["GET"]}}],"collection":[{"href":"https:\/\/www.associationdemarie.org\/blog\/wp-json\/wp\/v2\/posts"}],"about":[{"href":"https:\/\/www.associationdemarie.org\/blog\/wp-json\/wp\/v2\/types\/post"}],"author":[{"embeddable":true,"href":"https:\/\/www.associationdemarie.org\/blog\/wp-json\/wp\/v2\/users\/2"}],"replies":[{"embeddable":true,"href":"https:\/\/www.associationdemarie.org\/blog\/wp-json\/wp\/v2\/comments?post=18429"}],"version-history":[{"count":1,"href":"https:\/\/www.associationdemarie.org\/blog\/wp-json\/wp\/v2\/posts\/18429\/revisions"}],"predecessor-version":[{"id":18431,"href":"https:\/\/www.associationdemarie.org\/blog\/wp-json\/wp\/v2\/posts\/18429\/revisions\/18431"}],"wp:attachment":[{"href":"https:\/\/www.associationdemarie.org\/blog\/wp-json\/wp\/v2\/media?parent=18429"}],"wp:term":[{"taxonomy":"category","embeddable":true,"href":"https:\/\/www.associationdemarie.org\/blog\/wp-json\/wp\/v2\/categories?post=18429"},{"taxonomy":"post_tag","embeddable":true,"href":"https:\/\/www.associationdemarie.org\/blog\/wp-json\/wp\/v2\/tags?post=18429"}],"curies":[{"name":"wp","href":"https:\/\/api.w.org\/{rel}","templated":true}]}}