{"id":18426,"date":"2020-02-04T01:58:35","date_gmt":"2020-02-04T00:58:35","guid":{"rendered":"http:\/\/www.associationdemarie.org\/blog\/?p=18426"},"modified":"2020-01-13T08:00:52","modified_gmt":"2020-01-13T07:00:52","slug":"lenfant-nest-pas-morte-elle-dort","status":"publish","type":"post","link":"https:\/\/www.associationdemarie.org\/blog\/lenfant-nest-pas-morte-elle-dort\/","title":{"rendered":"\u00ab L&rsquo;enfant n&rsquo;est pas morte : elle dort. \u00bb"},"content":{"rendered":"<p><a href=\"https:\/\/www.associationdemarie.org\/blog\/wp-content\/uploads\/2020\/01\/talit\u00e0-kun.jpg\"><img loading=\"lazy\" decoding=\"async\" class=\"aligncenter  wp-image-18427\" src=\"https:\/\/www.associationdemarie.org\/blog\/wp-content\/uploads\/2020\/01\/talit\u00e0-kun.jpg\" alt=\"\" width=\"347\" height=\"276\" srcset=\"https:\/\/www.associationdemarie.org\/blog\/wp-content\/uploads\/2020\/01\/talit\u00e0-kun.jpg 800w, https:\/\/www.associationdemarie.org\/blog\/wp-content\/uploads\/2020\/01\/talit\u00e0-kun-300x239.jpg 300w, https:\/\/www.associationdemarie.org\/blog\/wp-content\/uploads\/2020\/01\/talit\u00e0-kun-768x612.jpg 768w\" sizes=\"auto, (max-width: 347px) 100vw, 347px\" \/><\/a><\/p>\n<p>Chers jeunes, l&rsquo;avenir d\u00e9pend de vous\u00a0; de vous d\u00e9pendent l&rsquo;ach\u00e8vement de ce mill\u00e9naire et le commencement du nouveau. Ne soyez donc pas passifs\u00a0: assumez vos responsabilit\u00e9s dans tous les domaines qui s&rsquo;ouvrent \u00e0 vous dans notre monde. (&#8230;) Prenez vos responsabilit\u00e9s\u00a0! \u00ab\u00a0Soyez pr\u00eats\u00a0\u00bb, anim\u00e9s par la foi dans le Seigneur, \u00ab\u00a0\u00e0 rendre compte de l&rsquo;esp\u00e9rance qui est en vous\u00a0\u00bb (1P 3,15). (&#8230;) Quel est le motif de votre confiance\u00a0? Votre foi, la reconnaissance et l&rsquo;acceptation de l&rsquo;immense amour que Dieu montre continuellement pour les hommes. (&#8230;) J\u00e9sus Christ \u00ab\u00a0le m\u00eame hier et aujourd&rsquo;hui et pour l&rsquo;\u00e9ternit\u00e9\u00a0\u00bb (He 13,8) continue \u00e0 montrer aux jeunes le m\u00eame amour que d\u00e9crit l&rsquo;\u00c9vangile quand il rencontre un ou une jeune.<\/p>\n<p>Ainsi nous pouvons contempler la r\u00e9surrection de la fille de Ja\u00efre, qui \u00ab\u00a0avait douze ans\u00a0\u00bb (&#8230;). Ja\u00efre expose sa peine au Ma\u00eetre avec franchise\u00a0; avec insistance, il supplie son c\u0153ur\u00a0: \u00ab\u00a0Ma fille est pr\u00e8s de mourir\u00a0; viens lui imposer les mains pour qu&rsquo;elle gu\u00e9risse et qu&rsquo;elle vive\u00a0\u00bb. \u00ab\u00a0J\u00e9sus s&rsquo;en alla avec lui.\u00a0\u00bb Le c\u0153ur du Christ, qui s&rsquo;\u00e9meut devant la douleur humaine de cet homme et de sa fille, ne demeure pas indiff\u00e9rent devant nos souffrances. Le Christ nous \u00e9coute toujours, mais il nous demande de recourir \u00e0 lui avec foi. (&#8230;) Tous les gestes et toutes les paroles du Seigneur expriment cet amour.<\/p>\n<p>Je voudrais m&rsquo;arr\u00eater particuli\u00e8rement sur les paroles recueillies des l\u00e8vres m\u00eames de J\u00e9sus\u00a0: \u00ab\u00a0L&rsquo;enfant n&rsquo;est pas morte\u00a0: elle dort\u00a0\u00bb. Ces paroles profond\u00e9ment r\u00e9v\u00e9latrices m&rsquo;incitent \u00e0 penser \u00e0 la myst\u00e9rieuse pr\u00e9sence du Seigneur de la vie dans un monde qui semble avoir succomb\u00e9 \u00e0 l&rsquo;impulsion \u00e9hont\u00e9e de la haine, de la violence et de l&rsquo;injustice. Mais non, ce monde, qui est le v\u00f4tre, n&rsquo;est pas mort, mais il dort. Dans votre c\u0153ur, chers jeunes, on per\u00e7oit le battement fort de la vie, de l&rsquo;amour de Dieu. La jeunesse n&rsquo;est pas morte quand elle est proche du Ma\u00eetre. Oui, quand elle est proche de J\u00e9sus\u00a0: vous \u00eates tous proches de J\u00e9sus. \u00c9coutez toutes ses paroles, toutes les paroles, tout. Jeune, aime J\u00e9sus, cherche J\u00e9sus. Rencontre J\u00e9sus.<\/p>\n<h3 class=\"GospelCommentaryAuthor-name commentary-author font-2\">Saint Jean-Paul II (1920-2005)<\/h3>\n<p>&nbsp;<\/p>\n<p>&nbsp;<\/p>\n<p>&nbsp;<\/p>\n<p>&nbsp;<\/p>\n","protected":false},"excerpt":{"rendered":"<p>Chers jeunes, l&rsquo;avenir d\u00e9pend de vous\u00a0; de vous d\u00e9pendent l&rsquo;ach\u00e8vement de ce mill\u00e9naire et le commencement du nouveau. Ne soyez donc pas passifs\u00a0: assumez vos responsabilit\u00e9s dans tous les domaines qui s&rsquo;ouvrent \u00e0 vous dans notre monde. (&#8230;) Prenez vos responsabilit\u00e9s\u00a0! \u00ab\u00a0Soyez pr\u00eats\u00a0\u00bb, anim\u00e9s par la foi dans le Seigneur, \u00ab\u00a0\u00e0 rendre compte de l&rsquo;esp\u00e9rance [&hellip;]<\/p>\n","protected":false},"author":2,"featured_media":0,"comment_status":"closed","ping_status":"closed","sticky":false,"template":"","format":"standard","meta":{"footnotes":""},"categories":[13,1261],"tags":[541,892,1253],"class_list":["post-18426","post","type-post","status-publish","format-standard","hentry","category-ecritures","category-enseignement-2","tag-jeunesse","tag-resurrection","tag-st-jean-paul-2"],"_links":{"self":[{"href":"https:\/\/www.associationdemarie.org\/blog\/wp-json\/wp\/v2\/posts\/18426","targetHints":{"allow":["GET"]}}],"collection":[{"href":"https:\/\/www.associationdemarie.org\/blog\/wp-json\/wp\/v2\/posts"}],"about":[{"href":"https:\/\/www.associationdemarie.org\/blog\/wp-json\/wp\/v2\/types\/post"}],"author":[{"embeddable":true,"href":"https:\/\/www.associationdemarie.org\/blog\/wp-json\/wp\/v2\/users\/2"}],"replies":[{"embeddable":true,"href":"https:\/\/www.associationdemarie.org\/blog\/wp-json\/wp\/v2\/comments?post=18426"}],"version-history":[{"count":1,"href":"https:\/\/www.associationdemarie.org\/blog\/wp-json\/wp\/v2\/posts\/18426\/revisions"}],"predecessor-version":[{"id":18428,"href":"https:\/\/www.associationdemarie.org\/blog\/wp-json\/wp\/v2\/posts\/18426\/revisions\/18428"}],"wp:attachment":[{"href":"https:\/\/www.associationdemarie.org\/blog\/wp-json\/wp\/v2\/media?parent=18426"}],"wp:term":[{"taxonomy":"category","embeddable":true,"href":"https:\/\/www.associationdemarie.org\/blog\/wp-json\/wp\/v2\/categories?post=18426"},{"taxonomy":"post_tag","embeddable":true,"href":"https:\/\/www.associationdemarie.org\/blog\/wp-json\/wp\/v2\/tags?post=18426"}],"curies":[{"name":"wp","href":"https:\/\/api.w.org\/{rel}","templated":true}]}}