{"id":18412,"date":"2020-01-30T01:03:38","date_gmt":"2020-01-30T00:03:38","guid":{"rendered":"http:\/\/www.associationdemarie.org\/blog\/?p=18412"},"modified":"2020-01-09T08:05:58","modified_gmt":"2020-01-09T07:05:58","slug":"la-lampe-sur-le-lampadaire-2","status":"publish","type":"post","link":"https:\/\/www.associationdemarie.org\/blog\/la-lampe-sur-le-lampadaire-2\/","title":{"rendered":"La lampe sur le lampadaire"},"content":{"rendered":"<p><a href=\"https:\/\/www.associationdemarie.org\/blog\/wp-content\/uploads\/2020\/01\/i210.jpg\"><img loading=\"lazy\" decoding=\"async\" class=\"aligncenter  wp-image-18413\" src=\"https:\/\/www.associationdemarie.org\/blog\/wp-content\/uploads\/2020\/01\/i210.jpg\" alt=\"\" width=\"439\" height=\"292\" srcset=\"https:\/\/www.associationdemarie.org\/blog\/wp-content\/uploads\/2020\/01\/i210.jpg 2000w, https:\/\/www.associationdemarie.org\/blog\/wp-content\/uploads\/2020\/01\/i210-300x200.jpg 300w, https:\/\/www.associationdemarie.org\/blog\/wp-content\/uploads\/2020\/01\/i210-768x512.jpg 768w, https:\/\/www.associationdemarie.org\/blog\/wp-content\/uploads\/2020\/01\/i210-1024x682.jpg 1024w\" sizes=\"auto, (max-width: 439px) 100vw, 439px\" \/><\/a><\/p>\n<p>La ferveur des plus grands pr\u00e9dicateurs et \u00e9vang\u00e9lisateurs dont la vie a \u00e9t\u00e9 donn\u00e9e \u00e0 l&rsquo;apostolat inspire notre appel \u00e0 \u00e9vang\u00e9liser aujourd&rsquo;hui (&#8230;). Ils ont su d\u00e9passer bien des obstacles \u00e0 l&rsquo;\u00e9vang\u00e9lisation\u00a0; notre \u00e9poque conna\u00eet \u00e9galement de nombreux obstacles parmi lesquels nous nous contenterons de mentionner le manque de ferveur. Il est d&rsquo;autant plus grave qu&rsquo;il vient du dedans\u00a0; il se manifeste dans la fatigue et le d\u00e9senchantement, la routine et le d\u00e9sint\u00e9r\u00eat, et surtout le manque de joie et d&rsquo;esp\u00e9rance. Nous exhortons donc tous ceux qui ont \u00e0 quelque titre et \u00e0 quelque \u00e9chelon la t\u00e2che d&rsquo;\u00e9vang\u00e9liser \u00e0 alimenter en eux la ferveur de l&rsquo;esprit. (&#8230;)<\/p>\n<p>Gardons la ferveur de l&rsquo;esprit. Gardons la douce et r\u00e9confortante joie d&rsquo;\u00e9vang\u00e9liser, m\u00eame lorsque c&rsquo;est dans les larmes qu&rsquo;il faut semer (Ps 125,5). Que ce soit pour nous \u2014 comme pour Jean Baptiste, pour Pierre et Paul, pour les autres ap\u00f4tres, pour une multitude d&rsquo;\u00e9vang\u00e9lisateurs admirables tout au long de l&rsquo;histoire de l&rsquo;\u00c9glise \u2014 un \u00e9lan int\u00e9rieur que personne ni rien ne saurait \u00e9teindre. Que ce soit la grande joie de nos vies donn\u00e9es. Et que le monde de notre temps qui cherche, tant\u00f4t dans l&rsquo;angoisse, tant\u00f4t dans l&rsquo;esp\u00e9rance, puisse recevoir la Bonne Nouvelle, non d&rsquo;\u00e9vang\u00e9lisateurs tristes et d\u00e9courag\u00e9s, impatients ou anxieux, mais de ministres de l&rsquo;\u00c9vangile dont la vie rayonne de ferveur, qui ont les premiers re\u00e7us en eux la joie du Christ, et qui acceptent de jouer leur vie pour que le Royaume soit annonc\u00e9 et l&rsquo;\u00c9glise implant\u00e9e au c\u0153ur du monde.<\/p>\n<h3 class=\"GospelCommentaryAuthor-name commentary-author font-2\">Saint Paul VI<\/h3>\n<p>&nbsp;<\/p>\n<p>&nbsp;<\/p>\n<p>&nbsp;<\/p>\n<p>&nbsp;<\/p>\n","protected":false},"excerpt":{"rendered":"<p>La ferveur des plus grands pr\u00e9dicateurs et \u00e9vang\u00e9lisateurs dont la vie a \u00e9t\u00e9 donn\u00e9e \u00e0 l&rsquo;apostolat inspire notre appel \u00e0 \u00e9vang\u00e9liser aujourd&rsquo;hui (&#8230;). Ils ont su d\u00e9passer bien des obstacles \u00e0 l&rsquo;\u00e9vang\u00e9lisation\u00a0; notre \u00e9poque conna\u00eet \u00e9galement de nombreux obstacles parmi lesquels nous nous contenterons de mentionner le manque de ferveur. Il est d&rsquo;autant plus grave [&hellip;]<\/p>\n","protected":false},"author":2,"featured_media":0,"comment_status":"closed","ping_status":"closed","sticky":false,"template":"","format":"standard","meta":{"footnotes":""},"categories":[13,1261],"tags":[387,567,1542],"class_list":["post-18412","post","type-post","status-publish","format-standard","hentry","category-ecritures","category-enseignement-2","tag-evangelisation","tag-lampes","tag-st-paul-6"],"_links":{"self":[{"href":"https:\/\/www.associationdemarie.org\/blog\/wp-json\/wp\/v2\/posts\/18412","targetHints":{"allow":["GET"]}}],"collection":[{"href":"https:\/\/www.associationdemarie.org\/blog\/wp-json\/wp\/v2\/posts"}],"about":[{"href":"https:\/\/www.associationdemarie.org\/blog\/wp-json\/wp\/v2\/types\/post"}],"author":[{"embeddable":true,"href":"https:\/\/www.associationdemarie.org\/blog\/wp-json\/wp\/v2\/users\/2"}],"replies":[{"embeddable":true,"href":"https:\/\/www.associationdemarie.org\/blog\/wp-json\/wp\/v2\/comments?post=18412"}],"version-history":[{"count":1,"href":"https:\/\/www.associationdemarie.org\/blog\/wp-json\/wp\/v2\/posts\/18412\/revisions"}],"predecessor-version":[{"id":18414,"href":"https:\/\/www.associationdemarie.org\/blog\/wp-json\/wp\/v2\/posts\/18412\/revisions\/18414"}],"wp:attachment":[{"href":"https:\/\/www.associationdemarie.org\/blog\/wp-json\/wp\/v2\/media?parent=18412"}],"wp:term":[{"taxonomy":"category","embeddable":true,"href":"https:\/\/www.associationdemarie.org\/blog\/wp-json\/wp\/v2\/categories?post=18412"},{"taxonomy":"post_tag","embeddable":true,"href":"https:\/\/www.associationdemarie.org\/blog\/wp-json\/wp\/v2\/tags?post=18412"}],"curies":[{"name":"wp","href":"https:\/\/api.w.org\/{rel}","templated":true}]}}