{"id":184,"date":"2009-04-04T20:03:21","date_gmt":"2009-04-04T20:03:21","guid":{"rendered":"http:\/\/preprod.meltem-int.com\/marie\/blog\/?p=184"},"modified":"2009-04-04T20:03:21","modified_gmt":"2009-04-04T20:03:21","slug":"priere-du-padre-apres-la-messe","status":"publish","type":"post","link":"https:\/\/www.associationdemarie.org\/blog\/priere-du-padre-apres-la-messe\/","title":{"rendered":"Pri\u00e8re du Padre apr\u00e8s la messe"},"content":{"rendered":"<p><img loading=\"lazy\" decoding=\"async\" class=\"alignright size-medium wp-image-183\" title=\"messe\" src=\"https:\/\/www.associationdemarie.org\/blog\/wp-content\/uploads\/2009\/05\/messe-237x300.jpg\" alt=\"messe\" width=\"237\" height=\"300\" srcset=\"https:\/\/www.associationdemarie.org\/blog\/wp-content\/uploads\/2009\/05\/messe-237x300.jpg 237w, https:\/\/www.associationdemarie.org\/blog\/wp-content\/uploads\/2009\/05\/messe.jpg 240w\" sizes=\"auto, (max-width: 237px) 100vw, 237px\" \/>Restez avec moi Seigneur !<br \/>\nCar il est n\u00e9cessaire de Vous avoir pr\u00e9sent pour ne pas Vous oublier.<br \/>\nRestez avec moi Seigneur !<br \/>\nParce que je suis faible et j&rsquo;ai besoin de Votre Force pour ne pas tomber si souvent.<br \/>\nRestez avec moi Seigneur !<br \/>\nCar Vous \u00eates toute ma vie, et sans Vous je suis sans ferveur.<br \/>\nRestez avec moi Seigneur !<br \/>\nParce que Vous \u00eates ma lumi\u00e8re, et sans Vous je suis dans les t\u00e9n\u00e8bres.<br \/>\nRestez avec moi Seigneur !<br \/>\nPour que j&rsquo;entende Votre voix et que je Vous suive.<br \/>\nRestez avec moi Seigneur<br \/>\nParce que je d\u00e9sire Vous aimer et \u00eatre toujours en Votre compagnie.<br \/>\nRestez avec moi, Seigneur !<br \/>\nParce que, si pauvre que soit mon \u00e2me, elle d\u00e9sire \u00eatre pour Vous un lieu de consolation, un nid d&rsquo;amour.<br \/>\nRestez avec moi, J\u00e9sus !<br \/>\nParce qu&rsquo;il se fait tard et que le jour d\u00e9cline la vie passe, la mort, le jugement, l&rsquo;\u00e9ternit\u00e9 approchent. Je crains les t\u00e9n\u00e8bres, les tentations, les s\u00e9cheresses, les croix, les peines. Oh ! combien j&rsquo;ai besoin de Vous dans cette nuit de l&rsquo;exil ! Que la Communion eucharistique soit la lumi\u00e8re qui dissipe les t\u00e9n\u00e8bres, la force qui me soutienne, et l&rsquo;unique joie de mon c\u0153ur.<br \/>\nRestez avec moi, J\u00e9sus !<br \/>\nJe ne demande pas des consolations divines, parce que je ne les m\u00e9rite pas, mais le don de Votre pr\u00e9sence. O oui, je Vous le demande.<br \/>\nRestez avec moi, J\u00e9sus !<br \/>\nC&rsquo;est Vous seul que je cherche, Votre Amour, Votre Gr\u00e2ce, Votre C\u0153ur, Votre Esprit, parce que je Vous aime, et ne demande pas d&rsquo;autre r\u00e9compense que de Vous aimer davantage.<br \/>\nAmen !<\/p>\n","protected":false},"excerpt":{"rendered":"<p>Restez avec moi Seigneur ! Car il est n\u00e9cessaire de Vous avoir pr\u00e9sent pour ne pas Vous oublier. Restez avec moi Seigneur ! Parce que je suis faible et j&rsquo;ai besoin de Votre Force pour ne pas tomber si souvent. Restez avec moi Seigneur ! Car Vous \u00eates toute ma vie, et sans Vous je [&hellip;]<\/p>\n","protected":false},"author":1,"featured_media":0,"comment_status":"closed","ping_status":"closed","sticky":false,"template":"","format":"standard","meta":{"footnotes":""},"categories":[25,27,28],"tags":[671,751],"class_list":["post-184","post","type-post","status-publish","format-standard","hentry","category-pelerinage","category-prieres","category-saints-et-saintes","tag-messe","tag-padre"],"_links":{"self":[{"href":"https:\/\/www.associationdemarie.org\/blog\/wp-json\/wp\/v2\/posts\/184","targetHints":{"allow":["GET"]}}],"collection":[{"href":"https:\/\/www.associationdemarie.org\/blog\/wp-json\/wp\/v2\/posts"}],"about":[{"href":"https:\/\/www.associationdemarie.org\/blog\/wp-json\/wp\/v2\/types\/post"}],"author":[{"embeddable":true,"href":"https:\/\/www.associationdemarie.org\/blog\/wp-json\/wp\/v2\/users\/1"}],"replies":[{"embeddable":true,"href":"https:\/\/www.associationdemarie.org\/blog\/wp-json\/wp\/v2\/comments?post=184"}],"version-history":[{"count":0,"href":"https:\/\/www.associationdemarie.org\/blog\/wp-json\/wp\/v2\/posts\/184\/revisions"}],"wp:attachment":[{"href":"https:\/\/www.associationdemarie.org\/blog\/wp-json\/wp\/v2\/media?parent=184"}],"wp:term":[{"taxonomy":"category","embeddable":true,"href":"https:\/\/www.associationdemarie.org\/blog\/wp-json\/wp\/v2\/categories?post=184"},{"taxonomy":"post_tag","embeddable":true,"href":"https:\/\/www.associationdemarie.org\/blog\/wp-json\/wp\/v2\/tags?post=184"}],"curies":[{"name":"wp","href":"https:\/\/api.w.org\/{rel}","templated":true}]}}