{"id":18377,"date":"2020-01-21T01:22:17","date_gmt":"2020-01-21T00:22:17","guid":{"rendered":"http:\/\/www.associationdemarie.org\/blog\/?p=18377"},"modified":"2019-12-31T08:24:28","modified_gmt":"2019-12-31T07:24:28","slug":"un-repos-celui-du-septieme-jour-est-reserve-au-peuple-de-dieu-he-49","status":"publish","type":"post","link":"https:\/\/www.associationdemarie.org\/blog\/un-repos-celui-du-septieme-jour-est-reserve-au-peuple-de-dieu-he-49\/","title":{"rendered":"\u00ab Un repos, celui du septi\u00e8me jour, est r\u00e9serv\u00e9 au peuple de Dieu. \u00bb (He 4,9)"},"content":{"rendered":"<p><a href=\"https:\/\/www.associationdemarie.org\/blog\/wp-content\/uploads\/2019\/12\/ray-hennessy-118042_870x200.jpg\"><img loading=\"lazy\" decoding=\"async\" class=\"aligncenter wp-image-18378\" src=\"https:\/\/www.associationdemarie.org\/blog\/wp-content\/uploads\/2019\/12\/ray-hennessy-118042_870x200.jpg\" alt=\"\" width=\"440\" height=\"101\" srcset=\"https:\/\/www.associationdemarie.org\/blog\/wp-content\/uploads\/2019\/12\/ray-hennessy-118042_870x200.jpg 870w, https:\/\/www.associationdemarie.org\/blog\/wp-content\/uploads\/2019\/12\/ray-hennessy-118042_870x200-300x69.jpg 300w, https:\/\/www.associationdemarie.org\/blog\/wp-content\/uploads\/2019\/12\/ray-hennessy-118042_870x200-768x177.jpg 768w\" sizes=\"auto, (max-width: 440px) 100vw, 440px\" \/><\/a><\/p>\n<p>Le sabbat n&rsquo;a pas \u00e9t\u00e9 \u00e9tabli comme une \u00e9preuve permettant un discernement entre la vie et la mort, entre justice et p\u00e9ch\u00e9, ainsi que d&rsquo;autres pr\u00e9ceptes par lesquels \u00ab\u00a0l&rsquo;homme trouve la vie\u00a0\u00bb (Lv 18,5) ou la mort s&rsquo;il ne les observe pas. Non, le sabbat, en son temps, a \u00e9t\u00e9 donn\u00e9 au peuple en vue du repos\u00a0; avec les hommes, les b\u00eates devaient cesser le travail (Ex 23,12). (&#8230;)<\/p>\n<p>Si le sabbat n&rsquo;avait pas \u00e9t\u00e9 institu\u00e9 pour le repos de tout \u00eatre qui exerce un travail corporel, les cr\u00e9atures qui ne travaillent pas auraient d\u00fb, d\u00e8s l&rsquo;origine, elles aussi, observer le sabbat afin d&rsquo;\u00eatre justifi\u00e9es. Au contraire, nous voyons, sans r\u00e9pit, le soleil s&rsquo;avancer, la lune parcourir son orbite, les \u00e9toiles poursuivre leur course, les vents souffler, les nuages voguer dans le ciel, les oiseaux voler, les ruisseaux sourdre des sources, les vagues s&rsquo;agiter, les \u00e9clairs tomber et illuminer la cr\u00e9ation, le tonnerre \u00e9clater violemment en son temps, les arbres porter leurs fruits, et chaque cr\u00e9ature grandir et se fortifier. Nous ne voyons en v\u00e9rit\u00e9 aucun \u00eatre se reposer le jour du sabbat, sauf les hommes et les b\u00eates de somme qui sont soumis \u00e0 la loi du travail.<\/p>\n<p>\u00c0 aucun des justes de l&rsquo;Ancien Testament le sabbat n&rsquo;a \u00e9t\u00e9 donn\u00e9 pour qu&rsquo;il y trouve la vie&#8230; Mais la fid\u00e9lit\u00e9 au sabbat a \u00e9t\u00e9 prescrite afin que se reposent serviteurs, servantes, mercenaires, \u00e9trangers, b\u00eates de somme, afin que puissent se refaire ceux qui sont accabl\u00e9s par leur travail. Car Dieu a soin de toute sa cr\u00e9ation, des b\u00eates de somme comme des b\u00eates f\u00e9roces, des oiseaux comme des animaux sauvages. \u00c9coute maintenant quel est le sabbat qui pla\u00eet \u00e0 Dieu. Isa\u00efe l&rsquo;a dit\u00a0: \u00ab\u00a0Voici mon repos\u00a0: faites reposer celui qui est fatigu\u00e9\u00a0\u00bb (28,12). (&#8230;) Nous donc, gardons fid\u00e8lement le sabbat de Dieu\u00a0; faisons ce qui pla\u00eet \u00e0 son c\u0153ur. Nous entrerons ainsi dans le sabbat du grand repos o\u00f9 ciel et terre se reposeront, o\u00f9 toute cr\u00e9ature est recr\u00e9\u00e9e.<\/p>\n<h3 class=\"GospelCommentaryAuthor-name commentary-author font-2\">Aphraate (?-v. 345)<\/h3>\n<p>&nbsp;<\/p>\n<p>&nbsp;<\/p>\n<p>&nbsp;<\/p>\n<p>&nbsp;<\/p>\n","protected":false},"excerpt":{"rendered":"<p>Le sabbat n&rsquo;a pas \u00e9t\u00e9 \u00e9tabli comme une \u00e9preuve permettant un discernement entre la vie et la mort, entre justice et p\u00e9ch\u00e9, ainsi que d&rsquo;autres pr\u00e9ceptes par lesquels \u00ab\u00a0l&rsquo;homme trouve la vie\u00a0\u00bb (Lv 18,5) ou la mort s&rsquo;il ne les observe pas. Non, le sabbat, en son temps, a \u00e9t\u00e9 donn\u00e9 au peuple en vue [&hellip;]<\/p>\n","protected":false},"author":2,"featured_media":0,"comment_status":"closed","ping_status":"closed","sticky":false,"template":"","format":"standard","meta":{"footnotes":""},"categories":[13,1261],"tags":[1236,911],"class_list":["post-18377","post","type-post","status-publish","format-standard","hentry","category-ecritures","category-enseignement-2","tag-aphraate","tag-sabbat"],"_links":{"self":[{"href":"https:\/\/www.associationdemarie.org\/blog\/wp-json\/wp\/v2\/posts\/18377","targetHints":{"allow":["GET"]}}],"collection":[{"href":"https:\/\/www.associationdemarie.org\/blog\/wp-json\/wp\/v2\/posts"}],"about":[{"href":"https:\/\/www.associationdemarie.org\/blog\/wp-json\/wp\/v2\/types\/post"}],"author":[{"embeddable":true,"href":"https:\/\/www.associationdemarie.org\/blog\/wp-json\/wp\/v2\/users\/2"}],"replies":[{"embeddable":true,"href":"https:\/\/www.associationdemarie.org\/blog\/wp-json\/wp\/v2\/comments?post=18377"}],"version-history":[{"count":1,"href":"https:\/\/www.associationdemarie.org\/blog\/wp-json\/wp\/v2\/posts\/18377\/revisions"}],"predecessor-version":[{"id":18379,"href":"https:\/\/www.associationdemarie.org\/blog\/wp-json\/wp\/v2\/posts\/18377\/revisions\/18379"}],"wp:attachment":[{"href":"https:\/\/www.associationdemarie.org\/blog\/wp-json\/wp\/v2\/media?parent=18377"}],"wp:term":[{"taxonomy":"category","embeddable":true,"href":"https:\/\/www.associationdemarie.org\/blog\/wp-json\/wp\/v2\/categories?post=18377"},{"taxonomy":"post_tag","embeddable":true,"href":"https:\/\/www.associationdemarie.org\/blog\/wp-json\/wp\/v2\/tags?post=18377"}],"curies":[{"name":"wp","href":"https:\/\/api.w.org\/{rel}","templated":true}]}}