{"id":18350,"date":"2020-01-12T01:01:36","date_gmt":"2020-01-12T00:01:36","guid":{"rendered":"http:\/\/www.associationdemarie.org\/blog\/?p=18350"},"modified":"2019-12-22T08:03:43","modified_gmt":"2019-12-22T07:03:43","slug":"fete-du-bapteme-de-notre-seigneur-3","status":"publish","type":"post","link":"https:\/\/www.associationdemarie.org\/blog\/fete-du-bapteme-de-notre-seigneur-3\/","title":{"rendered":"F\u00eate du Bapt\u00eame de Notre Seigneur"},"content":{"rendered":"<p><a href=\"https:\/\/www.associationdemarie.org\/blog\/wp-content\/uploads\/2019\/12\/ob_f9b437_dimanche-13-janvier-2019.jpg\"><img loading=\"lazy\" decoding=\"async\" class=\"aligncenter  wp-image-18351\" src=\"https:\/\/www.associationdemarie.org\/blog\/wp-content\/uploads\/2019\/12\/ob_f9b437_dimanche-13-janvier-2019.jpg\" alt=\"\" width=\"368\" height=\"340\" srcset=\"https:\/\/www.associationdemarie.org\/blog\/wp-content\/uploads\/2019\/12\/ob_f9b437_dimanche-13-janvier-2019.jpg 479w, https:\/\/www.associationdemarie.org\/blog\/wp-content\/uploads\/2019\/12\/ob_f9b437_dimanche-13-janvier-2019-300x277.jpg 300w\" sizes=\"auto, (max-width: 368px) 100vw, 368px\" \/><\/a><\/p>\n<p>\u00ab\u00a0Alors J\u00e9sus vint de la Galil\u00e9e au Jourdain aupr\u00e8s de Jean pour \u00eatre baptis\u00e9 par lui\u00a0\u00bb Le Sauveur re\u00e7ut le bapt\u00eame de Jean pour trois raisons. La premi\u00e8re, parce que, n\u00e9 homme, il voulait accomplir toutes les humbles prescriptions de la Loi\u00a0; la seconde pour sanctionner par son bapt\u00eame le bapt\u00eame de Jean\u00a0; la troisi\u00e8me pour manifester, lorsqu\u2019il sanctifiait l\u2019eau du Jourdain, par la descente de la colombe la venue de l\u2019Esprit Saint dans le bapt\u00eame des fid\u00e8les.<\/p>\n<p>\u00ab\u00a0Laisse faire maintenant.\u00a0\u00bb Il dit bien \u00e0 propos\u00a0: \u00ab\u00a0maintenant\u00a0\u00bb pour montrer que, si le Christ devait \u00eatre baptis\u00e9 dans l\u2019eau, Jean devait l\u2019\u00eatre par le Christ dans l\u2019Esprit. Ou bien, autre signification, \u00ab\u00a0Laisse faire maintenant\u00a0\u00bb, car moi qui ai pris la forme d\u2019un esclave, je veux en remplir toute l\u2019humilit\u00e9. Mais aussi, sache qu\u2019au jour du jugement, tu dois \u00eatre baptis\u00e9 de mon bapt\u00eame. \u00ab\u00a0Laisse faire maintenant\u00a0\u00bb, dit le Seigneur, j\u2019ai aussi un autre bapt\u00eame dont je dois \u00eatre baptis\u00e9 [Il s\u2019agit du bapt\u00eame de la Passion. Cf. Lc 12,50]. Tu me baptises dans l\u2019eau pour que moi je te baptise pour moi dans ton sang [Il s\u2019agit du bapt\u00eame de Jean par le martyre].<\/p>\n<p>\u00ab\u00a0Car c\u2019est ainsi qu\u2019il convient que nous accomplissions toute justice.\u00a0\u00bb Il n\u2019a pas ajout\u00e9\u00a0: justice de la Loi ou de l\u2019ordre naturel pour que nous entendions les deux. Si Dieu a re\u00e7u le bapt\u00eame d\u2019un homme, que personne ne juge indigne de le recevoir d\u2019un compagnon de servitude.<\/p>\n<p>\u00ab\u00a0Et voici que les cieux s\u2019ouvrirent et qu\u2019il vit l\u2019Esprit Saint descendre comme une colombe et venir au-dessus de lui\u2026\u00a0\u00bb C\u2019est le myst\u00e8re de la Trinit\u00e9 qui se manifeste dans ce bapt\u00eame. Le Seigneur est baptis\u00e9, l\u2019Esprit Saint descend sous l\u2019aspect d\u2019une colombe, et l\u2019on entend la voix du P\u00e8re rendant t\u00e9moignage \u00e0 son Fils. Les cieux s\u2019ouvrent, non que les \u00e9l\u00e9ments s\u2019\u00e9cartent, mais aux yeux de l\u2019esprit, ces yeux avec lesquels \u00c9z\u00e9chiel aussi les vit ouverts, comme il le rapporte au d\u00e9but de son livre (Ez 1, 1). La colombe vint se poser sur la t\u00eate de J\u00e9sus pour qu\u2019on ne p\u00fbt penser que la parole du P\u00e8re s\u2019adressait \u00e0 Jean et non \u00e0 J\u00e9sus.<\/p>\n<h3 class=\"GospelCommentaryAuthor-name commentary-author font-2\">Saint J\u00e9r\u00f4me (347-420)<\/h3>\n<p>&nbsp;<\/p>\n<p>&nbsp;<\/p>\n<p>&nbsp;<\/p>\n<p>&nbsp;<\/p>\n","protected":false},"excerpt":{"rendered":"<p>\u00ab\u00a0Alors J\u00e9sus vint de la Galil\u00e9e au Jourdain aupr\u00e8s de Jean pour \u00eatre baptis\u00e9 par lui\u00a0\u00bb Le Sauveur re\u00e7ut le bapt\u00eame de Jean pour trois raisons. La premi\u00e8re, parce que, n\u00e9 homme, il voulait accomplir toutes les humbles prescriptions de la Loi\u00a0; la seconde pour sanctionner par son bapt\u00eame le bapt\u00eame de Jean\u00a0; la troisi\u00e8me [&hellip;]<\/p>\n","protected":false},"author":2,"featured_media":0,"comment_status":"closed","ping_status":"closed","sticky":false,"template":"","format":"standard","meta":{"footnotes":""},"categories":[3],"tags":[131,378,535,1042,1047],"class_list":["post-18350","post","type-post","status-publish","format-standard","hentry","category-liturgique","tag-bapteme","tag-esprit-saint","tag-jesus","tag-st-jean-baptiste","tag-st-jerome"],"_links":{"self":[{"href":"https:\/\/www.associationdemarie.org\/blog\/wp-json\/wp\/v2\/posts\/18350","targetHints":{"allow":["GET"]}}],"collection":[{"href":"https:\/\/www.associationdemarie.org\/blog\/wp-json\/wp\/v2\/posts"}],"about":[{"href":"https:\/\/www.associationdemarie.org\/blog\/wp-json\/wp\/v2\/types\/post"}],"author":[{"embeddable":true,"href":"https:\/\/www.associationdemarie.org\/blog\/wp-json\/wp\/v2\/users\/2"}],"replies":[{"embeddable":true,"href":"https:\/\/www.associationdemarie.org\/blog\/wp-json\/wp\/v2\/comments?post=18350"}],"version-history":[{"count":1,"href":"https:\/\/www.associationdemarie.org\/blog\/wp-json\/wp\/v2\/posts\/18350\/revisions"}],"predecessor-version":[{"id":18352,"href":"https:\/\/www.associationdemarie.org\/blog\/wp-json\/wp\/v2\/posts\/18350\/revisions\/18352"}],"wp:attachment":[{"href":"https:\/\/www.associationdemarie.org\/blog\/wp-json\/wp\/v2\/media?parent=18350"}],"wp:term":[{"taxonomy":"category","embeddable":true,"href":"https:\/\/www.associationdemarie.org\/blog\/wp-json\/wp\/v2\/categories?post=18350"},{"taxonomy":"post_tag","embeddable":true,"href":"https:\/\/www.associationdemarie.org\/blog\/wp-json\/wp\/v2\/tags?post=18350"}],"curies":[{"name":"wp","href":"https:\/\/api.w.org\/{rel}","templated":true}]}}